{"id":9799,"date":"2024-08-23T16:28:21","date_gmt":"2024-08-23T14:28:21","guid":{"rendered":"https:\/\/www.pucesducanal.com\/?p=9799"},"modified":"2024-09-23T10:25:49","modified_gmt":"2024-09-23T08:25:49","slug":"les-puces-du-canal-participent-aux-journees-europeennes-du-patrimoine-2024","status":"publish","type":"post","link":"https:\/\/www.pucesducanal.com\/fr\/2024\/08\/23\/les-puces-du-canal-participent-aux-journees-europeennes-du-patrimoine-2024\/","title":{"rendered":"Les Puces du Canal participent aux Journ\u00e9es Europ\u00e9ennes du Patrimoine 2024"},"content":{"rendered":"\t\t<div data-elementor-type=\"wp-post\" data-elementor-id=\"9799\" class=\"elementor elementor-9799\">\n\t\t\t\t<div class=\"elementor-element elementor-element-45a3b557 e-flex e-con-boxed e-con e-parent\" data-id=\"45a3b557\" data-element_type=\"container\" data-e-type=\"container\">\n\t\t\t\t\t<div class=\"e-con-inner\">\n\t\t\t\t<div class=\"elementor-element elementor-element-5df0819d elementor-widget elementor-widget-text-editor\" data-id=\"5df0819d\" data-element_type=\"widget\" data-e-type=\"widget\" data-widget_type=\"text-editor.default\">\n\t\t\t\t<div class=\"elementor-widget-container\">\n\t\t\t\t\t\t\t\t\t\n<p><strong>D\u00e9couvrez ou red\u00e9couvrez les Puces du Canal lors des Journ\u00e9es Europ\u00e9ennes du Patrimoine !<\/strong><\/p>\n\n<figure class=\"wp-block-image\"><img decoding=\"async\" class=\"wp-image-9346\" src=\"https:\/\/www.pucesducanal.com\/wp-content\/uploads\/2024\/08\/CAMPAGNE-ART-1080x1080-perle-300x300.jpg\" alt=\"\" \/><\/figure>\n\n<p>Profitez de cette occasion unique pour explorer les Puces du Canal autrement, avec de nombreuses animations sp\u00e9cialement organis\u00e9es pour l\u2019\u00e9v\u00e9nement.<\/p>\n\n<h3 class=\"wp-block-heading\">Programme des Journ\u00e9es Europ\u00e9ennes du Patrimoine aux Puces du Canal :<\/h3>\n\n<ul class=\"wp-block-list\">\n<li><strong>Visites guid\u00e9es exclusives<\/strong>\u00a0:\n<ul class=\"wp-block-list\">\n<li>Horaires : 8h30-9h30, 10h-11h, 11h30-12h30<\/li>\n\n<li><strong>Inscription obligatoire<\/strong>\u00a0via ce\u00a0<a href=\"https:\/\/docs.google.com\/forms\/d\/e\/1FAIpQLSewPBNOE7KhzDdaq89pY3XWxbtROjjn88SulV9ze3e4QxyK6Q\/viewform\" target=\"_blank\" rel=\"noreferrer noopener\">formulaire en ligne<\/a>. D\u00e9couvrez l\u2019histoire fascinante des Puces et plongez dans son ambiance unique lors de ces visites guid\u00e9es.<\/li>\n<\/ul>\n<\/li>\n\n<li><strong>Rencontres avec des artisans passionn\u00e9s<\/strong>\u00a0:\n<ul class=\"wp-block-list\">\n<li><strong>10h :<\/strong>\u00a0D\u00e9monstration de tapisserie-d\u00e9coration par Emilie Bosch (atelier G5 dans les Traboules).<\/li>\n\n<li><strong>11h :<\/strong>\u00a0Atelier d\u2019abat-jouriste avec Sandrine-L\u00e9onie Thomas (atelier A8 dans les Traboules). Plongez au c\u0153ur des m\u00e9tiers d\u2019art typiques des Puces, avec des d\u00e9monstrations de savoir-faire traditionnel.<\/li>\n<\/ul>\n<\/li>\n\n<li><strong>Parcours artistique<\/strong>\u00a0: D\u00e9couvrez les tr\u00e9sors d\u2019art s\u00e9lectionn\u00e9s par nos marchands volontaires lors d\u2019un parcours d\u00e9di\u00e9 \u00e0 l\u2019art.<\/li>\n<\/ul>\n\n<p>Et bien s\u00fbr, ne manquez pas de savourer un repas typique de la r\u00e9gion lyonnaise dans l\u2019un des nombreux points de restauration pr\u00e9sents sur place pour une exp\u00e9rience locale authentique !<\/p>\n\n<h3 class=\"wp-block-heading\">Informations pratiques<\/h3>\n\n<ul class=\"wp-block-list\">\n<li><strong>Adresse<\/strong>\u00a0: 5 rue Eug\u00e8ne Pottier, 69100 Villeurbanne<\/li>\n\n<li><strong>Horaires<\/strong>\u00a0:\n<ul class=\"wp-block-list\">\n<li>Samedi : 7h \u00e0 13h<\/li>\n\n<li>Dimanche : 7h \u00e0 15h<\/li>\n<\/ul>\n<\/li>\n<\/ul>\n\n<h3 class=\"wp-block-heading\">Restez connect\u00e9s pour plus de surprises \u00e0 venir !<\/h3>\n\t\t\t\t\t\t\t\t<\/div>\n\t\t\t\t<\/div>\n\t\t\t\t\t<\/div>\n\t\t\t\t<\/div>\n\t\t\t\t<\/div>\n\t\t","protected":false},"excerpt":{"rendered":"<p>D\u00e9couvrez ou red\u00e9couvrez les Puces du Canal lors des Journ\u00e9es Europ\u00e9ennes du Patrimoine ! Profitez de cette occasion unique pour explorer les Puces du Canal autrement, avec de nombreuses animations sp\u00e9cialement organis\u00e9es pour l\u2019\u00e9v\u00e9nement. Programme des Journ\u00e9es Europ\u00e9ennes du Patrimoine aux Puces du Canal : Et bien s\u00fbr, ne manquez pas de savourer un repas [&hellip;]<\/p>\n","protected":false},"author":34422,"featured_media":9800,"comment_status":"open","ping_status":"open","sticky":false,"template":"","format":"standard","meta":{"_acf_changed":false,"_exactmetrics_skip_tracking":false,"_exactmetrics_sitenote_active":false,"_exactmetrics_sitenote_note":"","_exactmetrics_sitenote_category":0,"footnotes":""},"categories":[24],"tags":[],"class_list":["post-9799","post","type-post","status-publish","format-standard","has-post-thumbnail","hentry","category-passes"],"acf":[],"aioseo_notices":[],"_links":{"self":[{"href":"https:\/\/www.pucesducanal.com\/fr\/wp-json\/wp\/v2\/posts\/9799","targetHints":{"allow":["GET"]}}],"collection":[{"href":"https:\/\/www.pucesducanal.com\/fr\/wp-json\/wp\/v2\/posts"}],"about":[{"href":"https:\/\/www.pucesducanal.com\/fr\/wp-json\/wp\/v2\/types\/post"}],"author":[{"embeddable":true,"href":"https:\/\/www.pucesducanal.com\/fr\/wp-json\/wp\/v2\/users\/34422"}],"replies":[{"embeddable":true,"href":"https:\/\/www.pucesducanal.com\/fr\/wp-json\/wp\/v2\/comments?post=9799"}],"version-history":[{"count":5,"href":"https:\/\/www.pucesducanal.com\/fr\/wp-json\/wp\/v2\/posts\/9799\/revisions"}],"predecessor-version":[{"id":9956,"href":"https:\/\/www.pucesducanal.com\/fr\/wp-json\/wp\/v2\/posts\/9799\/revisions\/9956"}],"wp:featuredmedia":[{"embeddable":true,"href":"https:\/\/www.pucesducanal.com\/fr\/wp-json\/wp\/v2\/media\/9800"}],"wp:attachment":[{"href":"https:\/\/www.pucesducanal.com\/fr\/wp-json\/wp\/v2\/media?parent=9799"}],"wp:term":[{"taxonomy":"category","embeddable":true,"href":"https:\/\/www.pucesducanal.com\/fr\/wp-json\/wp\/v2\/categories?post=9799"},{"taxonomy":"post_tag","embeddable":true,"href":"https:\/\/www.pucesducanal.com\/fr\/wp-json\/wp\/v2\/tags?post=9799"}],"curies":[{"name":"wp","href":"https:\/\/api.w.org\/{rel}","templated":true}]}}