{"id":9796,"date":"2024-09-12T16:26:56","date_gmt":"2024-09-12T14:26:56","guid":{"rendered":"https:\/\/www.pucesducanal.com\/?p=9796"},"modified":"2024-10-22T15:09:47","modified_gmt":"2024-10-22T13:09:47","slug":"le-collectif-de-chefs-inpuy-codon-we-trust-vousrecoit-a-dejeuner","status":"publish","type":"post","link":"https:\/\/www.pucesducanal.com\/fr\/2024\/09\/12\/le-collectif-de-chefs-inpuy-codon-we-trust-vousrecoit-a-dejeuner\/","title":{"rendered":"Le Collectif de chefs \u00ab in Puy-Codon \u00bb we trust vous re\u00e7oit \u00e0 d\u00e9jeuner"},"content":{"rendered":"\n<p><strong>Dimanche 6 octobre 2024, plusieurs chefs se r\u00e9unissent sous le Chapiteau des Puces du Canal afin de r\u00e9galer vos papilles et r\u00e9colter des fonds pour un producteur.<\/strong><\/p>\n\n\n\n<p>Au menu, entr\u00e9e \/ plat \/ dessert \u00e0 35\u20ac hors boisson, avec un service convivial qui d\u00e9bute \u00e0 13h30 autour de plats \u00e0 partager.<\/p>\n\n\n\n<p>Tous les b\u00e9n\u00e9fices seront revers\u00e9s au producteur de la Ferme du Puy.<\/p>\n\n\n\n<p><a href=\"https:\/\/www.helloasso.com\/associations\/zone-onze\/evenements\/le-collectif-de-chefs-in-puy-codon-we-trust-2\">Je prends mon billet<\/a><\/p>\n\n\n\n<h3 class=\"wp-block-heading\">Les chefs qui font partie du Collectif \u00ab&nbsp;in Puy-Codon&nbsp;\u00bb we trust<\/h3>\n\n\n\n<ul class=\"wp-block-list\">\n<li>Tiago Barbosa \u2013 Unico<\/li>\n\n\n\n<li>Guillaume Besson \u2013 La Guinguette du Canal<\/li>\n\n\n\n<li>Sophie Martinez \u2013 Formagerie Bof<\/li>\n\n\n\n<li>Julia Canu \u2013 Unico<\/li>\n\n\n\n<li>Joanna Figuet \u2013 Micro Sillon<\/li>\n\n\n\n<li>Ga\u00ebtan Gentil \u2013 Prairial<\/li>\n\n\n\n<li>Cl\u00e9ment Gilibert \u2013 Terrasse et Marmites<\/li>\n\n\n\n<li>Thierry Jandard \u2013 Table de Guy<\/li>\n\n\n\n<li>Maxime Laurenson \u2013 Rustique<\/li>\n\n\n\n<li>Thibault Martel \u2013 Armada<\/li>\n\n\n\n<li>Pierre-Michael Martin \u2013 Pimousse<\/li>\n\n\n\n<li>Nicolas Pascaud \u2013 Le Bistrot du Potager<\/li>\n\n\n\n<li>Romain Pelosse \u2013 Muraato<\/li>\n\n\n\n<li>Florence et Max P\u00e9rier \u2013 Caf\u00e9 du Peintre<\/li>\n\n\n\n<li>Florent Poulard \u2013 Monsieur P<\/li>\n\n\n\n<li>Florian R\u00e9mont \u2013 Le Bistrot du Potager<\/li>\n\n\n\n<li>Jean-Fran\u00e7ois T\u00eatedoie \u2013 Caf\u00e9 Terroir<\/li>\n\n\n\n<li>Nicolas Vernay \u2013 Table de Guy<\/li>\n<\/ul>\n\n\n\n<figure class=\"wp-block-embed\"><div class=\"wp-block-embed__wrapper\">\nhttps:\/\/www.helloasso.com\/associations\/zone-onze\/evenements\/le-collectif-de-chefs-in-puy-codon-we-trust-2\/widget-vignette\n<\/div><\/figure>\n","protected":false},"excerpt":{"rendered":"<p>Dimanche 6 octobre 2024, plusieurs chefs se r\u00e9unissent sous le Chapiteau des Puces du Canal afin de r\u00e9galer vos papilles et r\u00e9colter des fonds pour un producteur. Au menu, entr\u00e9e \/ plat \/ dessert \u00e0 35\u20ac hors boisson, avec un service convivial qui d\u00e9bute \u00e0 13h30 autour de plats \u00e0 partager. Tous les b\u00e9n\u00e9fices seront [&hellip;]<\/p>\n","protected":false},"author":34419,"featured_media":8897,"comment_status":"open","ping_status":"open","sticky":false,"template":"","format":"standard","meta":{"_acf_changed":false,"_exactmetrics_skip_tracking":false,"_exactmetrics_sitenote_active":false,"_exactmetrics_sitenote_note":"","_exactmetrics_sitenote_category":0,"footnotes":""},"categories":[24],"tags":[],"class_list":["post-9796","post","type-post","status-publish","format-standard","has-post-thumbnail","hentry","category-passes"],"acf":[],"aioseo_notices":[],"_links":{"self":[{"href":"https:\/\/www.pucesducanal.com\/fr\/wp-json\/wp\/v2\/posts\/9796","targetHints":{"allow":["GET"]}}],"collection":[{"href":"https:\/\/www.pucesducanal.com\/fr\/wp-json\/wp\/v2\/posts"}],"about":[{"href":"https:\/\/www.pucesducanal.com\/fr\/wp-json\/wp\/v2\/types\/post"}],"author":[{"embeddable":true,"href":"https:\/\/www.pucesducanal.com\/fr\/wp-json\/wp\/v2\/users\/34419"}],"replies":[{"embeddable":true,"href":"https:\/\/www.pucesducanal.com\/fr\/wp-json\/wp\/v2\/comments?post=9796"}],"version-history":[{"count":3,"href":"https:\/\/www.pucesducanal.com\/fr\/wp-json\/wp\/v2\/posts\/9796\/revisions"}],"predecessor-version":[{"id":10065,"href":"https:\/\/www.pucesducanal.com\/fr\/wp-json\/wp\/v2\/posts\/9796\/revisions\/10065"}],"wp:featuredmedia":[{"embeddable":true,"href":"https:\/\/www.pucesducanal.com\/fr\/wp-json\/wp\/v2\/media\/8897"}],"wp:attachment":[{"href":"https:\/\/www.pucesducanal.com\/fr\/wp-json\/wp\/v2\/media?parent=9796"}],"wp:term":[{"taxonomy":"category","embeddable":true,"href":"https:\/\/www.pucesducanal.com\/fr\/wp-json\/wp\/v2\/categories?post=9796"},{"taxonomy":"post_tag","embeddable":true,"href":"https:\/\/www.pucesducanal.com\/fr\/wp-json\/wp\/v2\/tags?post=9796"}],"curies":[{"name":"wp","href":"https:\/\/api.w.org\/{rel}","templated":true}]}}