{"id":7838,"date":"2022-06-23T10:58:37","date_gmt":"2022-06-23T08:58:37","guid":{"rendered":"http:\/\/pdc.eyescom.fr?p=7838"},"modified":"2022-07-04T09:16:48","modified_gmt":"2022-07-04T07:16:48","slug":"les-puces-du-canal-hors-les-murs","status":"publish","type":"post","link":"https:\/\/www.pucesducanal.com\/fr\/2022\/06\/23\/les-puces-du-canal-hors-les-murs\/","title":{"rendered":"Les Puces du Canal hors les murs"},"content":{"rendered":"<p><strong>Les Puces du Canal \u00ab\u00a0H<\/strong><strong>ors Les Murs\u00a0\u00bb\u00a0reviennent pour une nouvelle \u00e9dition le\u00a0samedi 2 juillet de 9h \u00e0 19h.<\/strong><\/p>\n<p><img fetchpriority=\"high\" decoding=\"async\" class=\"alignnone wp-image-7826\" src=\"http:\/\/pdc.eyescom.frwp-content\/uploads\/2022\/06\/EXTERION-22-Hors-Les-Murs-212x300.jpg\" alt=\"\" width=\"487\" height=\"689\" srcset=\"https:\/\/www.pucesducanal.com\/wp-content\/uploads\/2022\/06\/EXTERION-22-Hors-Les-Murs-212x300.jpg 212w, https:\/\/www.pucesducanal.com\/wp-content\/uploads\/2022\/06\/EXTERION-22-Hors-Les-Murs-723x1024.jpg 723w, https:\/\/www.pucesducanal.com\/wp-content\/uploads\/2022\/06\/EXTERION-22-Hors-Les-Murs-scaled.jpg 1808w\" sizes=\"(max-width: 487px) 100vw, 487px\" \/><\/p>\n<p>Et oui, votre march\u00e9 aux puces pr\u00e9f\u00e9r\u00e9 restera ouvert tout le weekend dans nos all\u00e9es habituelles et viendra aussi investir\u00a0l&rsquo;avenue pi\u00e9tonne Henri Barbusse au coeur du centre ville de Villeurbanne.<\/p>\n<p><strong>Une occasion unique de d\u00e9couvrir une ambiance de quartier, de nouveaux commer\u00e7ants responsables et des tr\u00e9sors vintage in\u00e9dits : livres, d\u00e9coration, petit mobilier&#8230; <\/strong>Un \u00e9v\u00e9nement en collaboration avec la <a href=\"https:\/\/www.villeurbanne.fr\/\">Ville<\/a> et <a href=\"https:\/\/www.destinationgratteciel.com\/\">Destination Gratte-Ciel<\/a>.<\/p>\n<p>Prenez part \u00e0 une journ\u00e9e plac\u00e9e sous le signe de la seconde main dans un cadre apais\u00e9 et verdoyant !<\/p>\n<p>&nbsp;<\/p>\n","protected":false},"excerpt":{"rendered":"<p>Les Puces du Canal \u00ab\u00a0Hors Les Murs\u00a0\u00bb\u00a0reviennent pour une nouvelle \u00e9dition le\u00a0samedi 2 juillet de 9h \u00e0 19h. Et oui, votre march\u00e9 aux puces pr\u00e9f\u00e9r\u00e9 restera ouvert tout le weekend dans nos all\u00e9es habituelles et viendra aussi investir\u00a0l&rsquo;avenue pi\u00e9tonne Henri Barbusse au coeur du centre ville de Villeurbanne. Une occasion unique de d\u00e9couvrir une ambiance [&hellip;]<\/p>\n","protected":false},"author":2,"featured_media":7826,"comment_status":"open","ping_status":"closed","sticky":false,"template":"","format":"standard","meta":{"_acf_changed":false,"_exactmetrics_skip_tracking":false,"_exactmetrics_sitenote_active":false,"_exactmetrics_sitenote_note":"","_exactmetrics_sitenote_category":0,"footnotes":""},"categories":[24],"tags":[],"class_list":["post-7838","post","type-post","status-publish","format-standard","has-post-thumbnail","hentry","category-passes"],"acf":[],"aioseo_notices":[],"_links":{"self":[{"href":"https:\/\/www.pucesducanal.com\/fr\/wp-json\/wp\/v2\/posts\/7838","targetHints":{"allow":["GET"]}}],"collection":[{"href":"https:\/\/www.pucesducanal.com\/fr\/wp-json\/wp\/v2\/posts"}],"about":[{"href":"https:\/\/www.pucesducanal.com\/fr\/wp-json\/wp\/v2\/types\/post"}],"author":[{"embeddable":true,"href":"https:\/\/www.pucesducanal.com\/fr\/wp-json\/wp\/v2\/users\/2"}],"replies":[{"embeddable":true,"href":"https:\/\/www.pucesducanal.com\/fr\/wp-json\/wp\/v2\/comments?post=7838"}],"version-history":[{"count":1,"href":"https:\/\/www.pucesducanal.com\/fr\/wp-json\/wp\/v2\/posts\/7838\/revisions"}],"predecessor-version":[{"id":7839,"href":"https:\/\/www.pucesducanal.com\/fr\/wp-json\/wp\/v2\/posts\/7838\/revisions\/7839"}],"wp:featuredmedia":[{"embeddable":true,"href":"https:\/\/www.pucesducanal.com\/fr\/wp-json\/wp\/v2\/media\/7826"}],"wp:attachment":[{"href":"https:\/\/www.pucesducanal.com\/fr\/wp-json\/wp\/v2\/media?parent=7838"}],"wp:term":[{"taxonomy":"category","embeddable":true,"href":"https:\/\/www.pucesducanal.com\/fr\/wp-json\/wp\/v2\/categories?post=7838"},{"taxonomy":"post_tag","embeddable":true,"href":"https:\/\/www.pucesducanal.com\/fr\/wp-json\/wp\/v2\/tags?post=7838"}],"curies":[{"name":"wp","href":"https:\/\/api.w.org\/{rel}","templated":true}]}}