{"id":11279,"date":"2026-01-30T10:57:11","date_gmt":"2026-01-30T09:57:11","guid":{"rendered":"https:\/\/www.pucesducanal.com\/?p=11279"},"modified":"2026-04-01T14:59:51","modified_gmt":"2026-04-01T12:59:51","slug":"puces-de-printemps-2","status":"publish","type":"post","link":"https:\/\/www.pucesducanal.com\/fr\/2026\/01\/30\/puces-de-printemps-2\/","title":{"rendered":"Puces de Printemps"},"content":{"rendered":"\t\t<div data-elementor-type=\"wp-post\" data-elementor-id=\"11279\" class=\"elementor elementor-11279\">\n\t\t\t\t<div class=\"elementor-element elementor-element-1ecc0c6 e-con-full e-flex e-con e-parent\" data-id=\"1ecc0c6\" data-element_type=\"container\" data-e-type=\"container\">\n\t\t\t\t<div class=\"elementor-element elementor-element-8ee3937 elementor-widget elementor-widget-heading\" data-id=\"8ee3937\" data-element_type=\"widget\" data-e-type=\"widget\" data-widget_type=\"heading.default\">\n\t\t\t\t<div class=\"elementor-widget-container\">\n\t\t\t\t\t<h2 class=\"elementor-heading-title elementor-size-default\">Le Printemps aux Puces du Canal : un week-end pour faire circuler les objets<\/h2>\t\t\t\t<\/div>\n\t\t\t\t<\/div>\n\t\t\t\t<div class=\"elementor-element elementor-element-fb290d5 elementor-widget elementor-widget-text-editor\" data-id=\"fb290d5\" data-element_type=\"widget\" data-e-type=\"widget\" data-widget_type=\"text-editor.default\">\n\t\t\t\t<div class=\"elementor-widget-container\">\n\t\t\t\t\t\t\t\t\t<p data-start=\"366\" data-end=\"568\">Le week-end du <strong data-start=\"381\" data-end=\"403\">21 et 22 mars 2026<\/strong>, les Puces du Canal c\u00e9l\u00e8brent l\u2019arriv\u00e9e du printemps avec un rendez-vous d\u00e9di\u00e9 au renouveau, au tri et \u00e0 la transmission des <strong>objets anciens, de brocante et vintage<\/strong>.<\/p><p data-start=\"570\" data-end=\"811\">\u00c0 l\u2019heure du grand m\u00e9nage de printemps, ce temps fort invite particuliers et professionnels \u00e0 <strong data-start=\"664\" data-end=\"701\">vendre ce qu\u2019ils n\u2019utilisent plus<\/strong>, \u00e0 <strong data-start=\"705\" data-end=\"725\">chiner autrement<\/strong> et \u00e0 offrir une nouvelle vie aux objets, dans le respect de l\u2019ADN des Puces du Canal.<\/p>\t\t\t\t\t\t\t\t<\/div>\n\t\t\t\t<\/div>\n\t\t\t\t<div class=\"elementor-element elementor-element-2a87e29 elementor-align-center elementor-widget elementor-widget-button\" data-id=\"2a87e29\" data-element_type=\"widget\" data-e-type=\"widget\" data-widget_type=\"button.default\">\n\t\t\t\t<div class=\"elementor-widget-container\">\n\t\t\t\t\t\t\t\t\t<div class=\"elementor-button-wrapper\">\n\t\t\t\t\t<a class=\"elementor-button elementor-button-link elementor-size-sm\" href=\"https:\/\/yp.events\/ff22a6d0-db07-436a-aa4a-14d6adf8a913\/Deballage-week-end-21-et-22-mars-2026-special-Printemps\/ticketing\">\n\t\t\t\t\t\t<span class=\"elementor-button-content-wrapper\">\n\t\t\t\t\t\t\t\t\t<span class=\"elementor-button-text\">Je r\u00e9serve  pour les Puces de Printemps<\/span>\n\t\t\t\t\t<\/span>\n\t\t\t\t\t<\/a>\n\t\t\t\t<\/div>\n\t\t\t\t\t\t\t\t<\/div>\n\t\t\t\t<\/div>\n\t\t\t\t<div class=\"elementor-element elementor-element-fd3d7a2 elementor-widget elementor-widget-heading\" data-id=\"fd3d7a2\" data-element_type=\"widget\" data-e-type=\"widget\" data-widget_type=\"heading.default\">\n\t\t\t\t<div class=\"elementor-widget-container\">\n\t\t\t\t\t<h2 class=\"elementor-heading-title elementor-size-default\">Un week-end aux Puces du Canal en deux temps<\/h2>\t\t\t\t<\/div>\n\t\t\t\t<\/div>\n\t\t\t\t<div class=\"elementor-element elementor-element-b66d1e1 elementor-widget elementor-widget-heading\" data-id=\"b66d1e1\" data-element_type=\"widget\" data-e-type=\"widget\" data-widget_type=\"heading.default\">\n\t\t\t\t<div class=\"elementor-widget-container\">\n\t\t\t\t\t<h3 class=\"elementor-heading-title elementor-size-default\">Samedi 21 mars : d\u00e9ballage particuliers &amp; professionnels<\/h3>\t\t\t\t<\/div>\n\t\t\t\t<\/div>\n\t\t\t\t<div class=\"elementor-element elementor-element-31c2a45 elementor-widget elementor-widget-text-editor\" data-id=\"31c2a45\" data-element_type=\"widget\" data-e-type=\"widget\" data-widget_type=\"text-editor.default\">\n\t\t\t\t<div class=\"elementor-widget-container\">\n\t\t\t\t\t\t\t\t\t<p data-start=\"919\" data-end=\"951\">Le samedi est ouvert \u00e0 la fois :<\/p><ul data-start=\"952\" data-end=\"1060\"><li data-start=\"952\" data-end=\"1022\"><p data-start=\"954\" data-end=\"1022\">aux <strong data-start=\"958\" data-end=\"974\">particuliers<\/strong> souhaitant vider caves, greniers ou int\u00e9rieurs,<\/p><\/li><li data-start=\"1023\" data-end=\"1060\"><p data-start=\"1025\" data-end=\"1060\">et aux <strong data-start=\"1032\" data-end=\"1059\">vendeurs professionnels<\/strong>.<\/p><\/li><\/ul><p data-start=\"1062\" data-end=\"1223\">C\u2019est l\u2019occasion id\u00e9ale de faire circuler des meubles, objets du quotidien, pi\u00e8ces de brocante ou vintage, tout en respectant les r\u00e8gles fondamentales du march\u00e9.<\/p><ul data-start=\"1225\" data-end=\"1311\"><li data-start=\"1225\" data-end=\"1261\"><p data-start=\"1227\" data-end=\"1261\"><strong data-start=\"1227\" data-end=\"1261\">Tarif unique : 20 \u20ac pour 20 m\u00b2<\/strong><\/p><\/li><li data-start=\"1262\" data-end=\"1311\"><p data-start=\"1264\" data-end=\"1311\">D\u00e9ballage en ext\u00e9rieur, dans l\u2019esprit des Puces<\/p><\/li><\/ul>\t\t\t\t\t\t\t\t<\/div>\n\t\t\t\t<\/div>\n\t\t\t\t<div class=\"elementor-element elementor-element-c940705 elementor-widget elementor-widget-heading\" data-id=\"c940705\" data-element_type=\"widget\" data-e-type=\"widget\" data-widget_type=\"heading.default\">\n\t\t\t\t<div class=\"elementor-widget-container\">\n\t\t\t\t\t<h3 class=\"elementor-heading-title elementor-size-default\">Dimanche 22 mars : d\u00e9ballage professionnels uniquement<\/h3>\t\t\t\t<\/div>\n\t\t\t\t<\/div>\n\t\t\t\t<div class=\"elementor-element elementor-element-d8b57a3 elementor-widget elementor-widget-text-editor\" data-id=\"d8b57a3\" data-element_type=\"widget\" data-e-type=\"widget\" data-widget_type=\"text-editor.default\">\n\t\t\t\t<div class=\"elementor-widget-container\">\n\t\t\t\t\t\t\t\t\t<p data-start=\"1382\" data-end=\"1524\">Le dimanche, les Puces du Canal retrouvent leur configuration habituelle avec un d\u00e9ballage r\u00e9serv\u00e9 aux <strong data-start=\"1485\" data-end=\"1523\">vendeurs d\u00e9balleurs professionnels<\/strong>.<\/p><ul data-start=\"1526\" data-end=\"1582\"><li data-start=\"1526\" data-end=\"1544\"><p data-start=\"1528\" data-end=\"1544\"><strong data-start=\"1528\" data-end=\"1544\">20 m\u00b2 : 40 \u20ac<\/strong><\/p><\/li><li data-start=\"1545\" data-end=\"1563\"><p data-start=\"1547\" data-end=\"1563\"><strong data-start=\"1547\" data-end=\"1563\">30 m\u00b2 : 60 \u20ac<\/strong><\/p><\/li><li data-start=\"1564\" data-end=\"1582\"><p data-start=\"1566\" data-end=\"1582\"><strong data-start=\"1566\" data-end=\"1582\">40 m\u00b2 : 80 \u20ac<\/strong><\/p><\/li><\/ul><p data-start=\"1584\" data-end=\"1666\">Un rendez-vous attendu des chineurs, collectionneurs et amateurs d\u2019objets anciens.<\/p>\t\t\t\t\t\t\t\t<\/div>\n\t\t\t\t<\/div>\n\t\t\t\t<div class=\"elementor-element elementor-element-840db97 elementor-align-center elementor-widget elementor-widget-button\" data-id=\"840db97\" data-element_type=\"widget\" data-e-type=\"widget\" data-widget_type=\"button.default\">\n\t\t\t\t<div class=\"elementor-widget-container\">\n\t\t\t\t\t\t\t\t\t<div class=\"elementor-button-wrapper\">\n\t\t\t\t\t<a class=\"elementor-button elementor-button-link elementor-size-sm\" href=\"https:\/\/yp.events\/ff22a6d0-db07-436a-aa4a-14d6adf8a913\/Deballage-week-end-21-et-22-mars-2026-special-Printemps\/ticketing\">\n\t\t\t\t\t\t<span class=\"elementor-button-content-wrapper\">\n\t\t\t\t\t\t\t\t\t<span class=\"elementor-button-text\">Je r\u00e9serve mon emplacement pour les Puces de Printemps<\/span>\n\t\t\t\t\t<\/span>\n\t\t\t\t\t<\/a>\n\t\t\t\t<\/div>\n\t\t\t\t\t\t\t\t<\/div>\n\t\t\t\t<\/div>\n\t\t\t\t<div class=\"elementor-element elementor-element-fe5cc11 elementor-widget elementor-widget-heading\" data-id=\"fe5cc11\" data-element_type=\"widget\" data-e-type=\"widget\" data-widget_type=\"heading.default\">\n\t\t\t\t<div class=\"elementor-widget-container\">\n\t\t\t\t\t<h2 class=\"elementor-heading-title elementor-size-default\">Ce que vous trouverez aux Puces du Canal<\/h2>\t\t\t\t<\/div>\n\t\t\t\t<\/div>\n\t\t\t\t<div class=\"elementor-element elementor-element-5608376 elementor-widget elementor-widget-text-editor\" data-id=\"5608376\" data-element_type=\"widget\" data-e-type=\"widget\" data-widget_type=\"text-editor.default\">\n\t\t\t\t<div class=\"elementor-widget-container\">\n\t\t\t\t\t\t\t\t\t<p data-start=\"1722\" data-end=\"1779\">Tout au long du week-end, les visiteurs pourront chiner :<\/p><ul data-start=\"1780\" data-end=\"1963\"><li data-start=\"1780\" data-end=\"1814\"><p data-start=\"1782\" data-end=\"1814\">antiquit\u00e9s, brocante et vintage,<\/p><\/li><li data-start=\"1815\" data-end=\"1844\"><p data-start=\"1817\" data-end=\"1844\">mobilier et petits meubles,<\/p><\/li><li data-start=\"1845\" data-end=\"1885\"><p data-start=\"1847\" data-end=\"1885\">linge de maison, vaisselle, assiettes,<\/p><\/li><li data-start=\"1886\" data-end=\"1918\"><p data-start=\"1888\" data-end=\"1918\">luminaires, objets d\u00e9coratifs,<\/p><\/li><li data-start=\"1919\" data-end=\"1963\"><p data-start=\"1921\" data-end=\"1963\">mobilier de bureau et objets du quotidien.<\/p><\/li><\/ul><p data-start=\"1965\" data-end=\"2058\">Chaque pi\u00e8ce raconte une histoire et s\u2019inscrit dans une d\u00e9marche de <strong data-start=\"2033\" data-end=\"2057\">seconde main durable<\/strong>.<\/p>\t\t\t\t\t\t\t\t<\/div>\n\t\t\t\t<\/div>\n\t\t<div class=\"elementor-element elementor-element-c711696 e-con-full e-flex e-con e-child\" data-id=\"c711696\" data-element_type=\"container\" data-e-type=\"container\" data-settings=\"{&quot;background_background&quot;:&quot;classic&quot;}\">\n\t\t\t\t<div class=\"elementor-element elementor-element-37a8112 elementor-widget elementor-widget-heading\" data-id=\"37a8112\" data-element_type=\"widget\" data-e-type=\"widget\" data-widget_type=\"heading.default\">\n\t\t\t\t<div class=\"elementor-widget-container\">\n\t\t\t\t\t<h2 class=\"elementor-heading-title elementor-size-default\">R\u00e8gles essentielles \u00e0 respecter<\/h2>\t\t\t\t<\/div>\n\t\t\t\t<\/div>\n\t\t\t\t<div class=\"elementor-element elementor-element-399fdb5 elementor-widget elementor-widget-text-editor\" data-id=\"399fdb5\" data-element_type=\"widget\" data-e-type=\"widget\" data-widget_type=\"text-editor.default\">\n\t\t\t\t<div class=\"elementor-widget-container\">\n\t\t\t\t\t\t\t\t\t<p data-start=\"2105\" data-end=\"2159\">Afin de pr\u00e9server l\u2019identit\u00e9 et la qualit\u00e9 du march\u00e9 :<\/p><ul data-start=\"2160\" data-end=\"2288\"><li data-start=\"2160\" data-end=\"2200\"><p data-start=\"2162\" data-end=\"2200\"><strong data-start=\"2162\" data-end=\"2197\">aucun objet neuf n\u2019est autoris\u00e9<\/strong>,<\/p><\/li><li data-start=\"2201\" data-end=\"2288\"><p data-start=\"2203\" data-end=\"2288\">seuls les <strong data-start=\"2213\" data-end=\"2254\">objets produits jusqu\u2019aux ann\u00e9es 1990<\/strong> peuvent \u00eatre propos\u00e9s \u00e0 la vente.<\/p><\/li><\/ul><p data-start=\"2290\" data-end=\"2399\">Ces r\u00e8gles garantissent une offre coh\u00e9rente et respectueuse des marchands professionnels comme des visiteurs.<\/p>\t\t\t\t\t\t\t\t<\/div>\n\t\t\t\t<\/div>\n\t\t\t\t<\/div>\n\t\t\t\t<div class=\"elementor-element elementor-element-ffbc507 elementor-widget elementor-widget-heading\" data-id=\"ffbc507\" data-element_type=\"widget\" data-e-type=\"widget\" data-widget_type=\"heading.default\">\n\t\t\t\t<div class=\"elementor-widget-container\">\n\t\t\t\t\t<h2 class=\"elementor-heading-title elementor-size-default\">Des stands v\u00e9g\u00e9taux \u00e9ph\u00e9m\u00e8res tout le week-end<\/h2>\t\t\t\t<\/div>\n\t\t\t\t<\/div>\n\t\t\t\t<div class=\"elementor-element elementor-element-66ef3b0 elementor-widget elementor-widget-text-editor\" data-id=\"66ef3b0\" data-element_type=\"widget\" data-e-type=\"widget\" data-widget_type=\"text-editor.default\">\n\t\t\t\t<div class=\"elementor-widget-container\">\n\t\t\t\t\t\t\t\t\t<p>A l&rsquo;occasion des Puces de Printemps, deux stands v\u00e9g\u00e9taux \u00e9ph\u00e9m\u00e8res viendront enrichir le march\u00e9 le samedi et le dimanche, pour une parenth\u00e8se nature au c\u0153ur des Puces.<\/p><p data-start=\"335\" data-end=\"736\"><strong data-start=\"335\" data-end=\"360\">\ud83c\udf3c Les Fleurs du Bien<\/strong><br data-start=\"360\" data-end=\"363\" \/>Cr\u00e9\u00e9e en 2023 dans le nord-Is\u00e8re, cette production locale propose une s\u00e9lection de plantes comestibles issus de l\u2019agriculture biologique : plantes aromatiques et m\u00e9dicinales, fleurs comestibles, ainsi que l\u00e9gumes perp\u00e9tuels et vari\u00e9t\u00e9s oubli\u00e9es.<br data-start=\"607\" data-end=\"610\" \/>Une belle occasion de d\u00e9couvrir de nouvelles saveurs et d\u2019int\u00e9grer le v\u00e9g\u00e9tal dans son quotidien, tout en prenant soin de soi.<\/p><p data-start=\"738\" data-end=\"1135\"><strong data-start=\"738\" data-end=\"753\">\ud83c\udf31 Vertigea<\/strong><br data-start=\"753\" data-end=\"756\" \/>Oc\u00e9ane et Ludovic, horticulteurs passionn\u00e9s, font partie des derniers producteurs fran\u00e7ais sp\u00e9cialis\u00e9s dans les plantes d\u2019int\u00e9rieur. Leur univers : Arac\u00e9es, Hoyas, plantes rares et vari\u00e9gations.<br data-start=\"950\" data-end=\"953\" \/>Chaque plante est cultiv\u00e9e sans produits chimiques, sur substrat sans tourbe et arros\u00e9e \u00e0 l\u2019eau de pluie &#8211; une approche engag\u00e9e pour rendre les plantes tropicales accessibles \u00e0 tous.<\/p><p data-start=\"738\" data-end=\"1135\">Une belle occasion de prolonger l\u2019exp\u00e9rience v\u00e9g\u00e9tale, en compl\u00e9ment de l\u2019offre d\u00e9j\u00e0 pr\u00e9sente toute l\u2019ann\u00e9e sur le site, avec <strong>une fleuriste dans le quartier de l\u2019\u00c9cole<\/strong> et <strong>un p\u00e9pini\u00e9riste sur le d\u00e9ballage<\/strong>.<\/p>\t\t\t\t\t\t\t\t<\/div>\n\t\t\t\t<\/div>\n\t\t\t\t<div class=\"elementor-element elementor-element-765449d elementor-widget elementor-widget-heading\" data-id=\"765449d\" data-element_type=\"widget\" data-e-type=\"widget\" data-widget_type=\"heading.default\">\n\t\t\t\t<div class=\"elementor-widget-container\">\n\t\t\t\t\t<h2 class=\"elementor-heading-title elementor-size-default\">Une offre gourmande renforc\u00e9e<\/h2>\t\t\t\t<\/div>\n\t\t\t\t<\/div>\n\t\t\t\t<div class=\"elementor-element elementor-element-32c3a33 elementor-widget elementor-widget-text-editor\" data-id=\"32c3a33\" data-element_type=\"widget\" data-e-type=\"widget\" data-widget_type=\"text-editor.default\">\n\t\t\t\t<div class=\"elementor-widget-container\">\n\t\t\t\t\t\t\t\t\t<p>Pour compl\u00e9ter l\u2019offre d\u00e9j\u00e0 pr\u00e9sente sur le march\u00e9, le foodtruck <strong data-start=\"1236\" data-end=\"1259\">Le Sous-Marin Jaune<\/strong> sera pr\u00e9sent tout le week-end. De quoi faire une pause gourmande entre deux trouvailles !<\/p>\t\t\t\t\t\t\t\t<\/div>\n\t\t\t\t<\/div>\n\t\t\t\t<div class=\"elementor-element elementor-element-27d7fba elementor-widget elementor-widget-heading\" data-id=\"27d7fba\" data-element_type=\"widget\" data-e-type=\"widget\" data-widget_type=\"heading.default\">\n\t\t\t\t<div class=\"elementor-widget-container\">\n\t\t\t\t\t<h2 class=\"elementor-heading-title elementor-size-default\">Un printemps plac\u00e9 sous le signe du renouveau<\/h2>\t\t\t\t<\/div>\n\t\t\t\t<\/div>\n\t\t\t\t<div class=\"elementor-element elementor-element-be9dd14 elementor-widget elementor-widget-text-editor\" data-id=\"be9dd14\" data-element_type=\"widget\" data-e-type=\"widget\" data-widget_type=\"text-editor.default\">\n\t\t\t\t<div class=\"elementor-widget-container\">\n\t\t\t\t\t\t\t\t\t<p data-start=\"2460\" data-end=\"2719\">Vendre pour all\u00e9ger ses espaces, chiner pour mieux habiter les siens, transmettre plut\u00f4t que jeter :<br data-start=\"2560\" data-end=\"2563\" \/>ce week-end de printemps est une invitation \u00e0 repenser nos int\u00e9rieurs \u00e0 travers des objets qui ont d\u00e9j\u00e0 v\u00e9cu et qui ne demandent qu\u2019\u00e0 continuer leur chemin.<\/p><p data-start=\"2721\" data-end=\"2828\">\ud83d\udccd <strong data-start=\"2724\" data-end=\"2761\">Les Puces du Canal \u2013 Villeurbanne<\/strong><br data-start=\"2761\" data-end=\"2764\" \/>\ud83d\udd58 D\u00e9ballages d\u00e8s 7h<br data-start=\"2784\" data-end=\"2787\" \/>\ud83d\udcc5 <strong data-start=\"2790\" data-end=\"2828\">Samedi 21 et dimanche 22 mars 2026<\/strong><\/p>\t\t\t\t\t\t\t\t<\/div>\n\t\t\t\t<\/div>\n\t\t\t\t<div class=\"elementor-element elementor-element-b1c7191 elementor-align-center elementor-widget elementor-widget-button\" data-id=\"b1c7191\" data-element_type=\"widget\" data-e-type=\"widget\" data-widget_type=\"button.default\">\n\t\t\t\t<div class=\"elementor-widget-container\">\n\t\t\t\t\t\t\t\t\t<div class=\"elementor-button-wrapper\">\n\t\t\t\t\t<a class=\"elementor-button elementor-button-link elementor-size-sm\" href=\"https:\/\/yp.events\/ff22a6d0-db07-436a-aa4a-14d6adf8a913\/Deballage-week-end-21-et-22-mars-2026-special-Printemps\/ticketing\">\n\t\t\t\t\t\t<span class=\"elementor-button-content-wrapper\">\n\t\t\t\t\t\t\t\t\t<span class=\"elementor-button-text\">Je r\u00e9serve mon emplacement pour les Puces de Printemps<\/span>\n\t\t\t\t\t<\/span>\n\t\t\t\t\t<\/a>\n\t\t\t\t<\/div>\n\t\t\t\t\t\t\t\t<\/div>\n\t\t\t\t<\/div>\n\t\t\t\t<\/div>\n\t\t\t\t<\/div>\n\t\t","protected":false},"excerpt":{"rendered":"<p>Le Printemps aux Puces du Canal : un week-end pour faire circuler les objets Le week-end du 21 et 22 mars 2026, les Puces du Canal c\u00e9l\u00e8brent l\u2019arriv\u00e9e du printemps avec un rendez-vous d\u00e9di\u00e9 au renouveau, au tri et \u00e0 la transmission des objets anciens, de brocante et vintage. \u00c0 l\u2019heure du grand m\u00e9nage de [&hellip;]<\/p>\n","protected":false},"author":2,"featured_media":11282,"comment_status":"open","ping_status":"open","sticky":false,"template":"","format":"standard","meta":{"_acf_changed":false,"_exactmetrics_skip_tracking":false,"_exactmetrics_sitenote_active":false,"_exactmetrics_sitenote_note":"","_exactmetrics_sitenote_category":0,"footnotes":""},"categories":[24],"tags":[],"class_list":["post-11279","post","type-post","status-publish","format-standard","has-post-thumbnail","hentry","category-passes"],"acf":[],"aioseo_notices":[],"_links":{"self":[{"href":"https:\/\/www.pucesducanal.com\/fr\/wp-json\/wp\/v2\/posts\/11279","targetHints":{"allow":["GET"]}}],"collection":[{"href":"https:\/\/www.pucesducanal.com\/fr\/wp-json\/wp\/v2\/posts"}],"about":[{"href":"https:\/\/www.pucesducanal.com\/fr\/wp-json\/wp\/v2\/types\/post"}],"author":[{"embeddable":true,"href":"https:\/\/www.pucesducanal.com\/fr\/wp-json\/wp\/v2\/users\/2"}],"replies":[{"embeddable":true,"href":"https:\/\/www.pucesducanal.com\/fr\/wp-json\/wp\/v2\/comments?post=11279"}],"version-history":[{"count":17,"href":"https:\/\/www.pucesducanal.com\/fr\/wp-json\/wp\/v2\/posts\/11279\/revisions"}],"predecessor-version":[{"id":11418,"href":"https:\/\/www.pucesducanal.com\/fr\/wp-json\/wp\/v2\/posts\/11279\/revisions\/11418"}],"wp:featuredmedia":[{"embeddable":true,"href":"https:\/\/www.pucesducanal.com\/fr\/wp-json\/wp\/v2\/media\/11282"}],"wp:attachment":[{"href":"https:\/\/www.pucesducanal.com\/fr\/wp-json\/wp\/v2\/media?parent=11279"}],"wp:term":[{"taxonomy":"category","embeddable":true,"href":"https:\/\/www.pucesducanal.com\/fr\/wp-json\/wp\/v2\/categories?post=11279"},{"taxonomy":"post_tag","embeddable":true,"href":"https:\/\/www.pucesducanal.com\/fr\/wp-json\/wp\/v2\/tags?post=11279"}],"curies":[{"name":"wp","href":"https:\/\/api.w.org\/{rel}","templated":true}]}}