{"id":11129,"date":"2025-11-14T15:07:46","date_gmt":"2025-11-14T14:07:46","guid":{"rendered":"https:\/\/www.pucesducanal.com\/?p=11129"},"modified":"2026-01-27T14:23:16","modified_gmt":"2026-01-27T13:23:16","slug":"deballage-professionnel-vendredi-28-novembre-2025","status":"publish","type":"post","link":"https:\/\/www.pucesducanal.com\/fr\/2025\/11\/14\/deballage-professionnel-vendredi-28-novembre-2025\/","title":{"rendered":"D\u00e9ballage professionnel \u2013 Vendredi 28 novembre 2025"},"content":{"rendered":"\t\t<div data-elementor-type=\"wp-post\" data-elementor-id=\"11129\" class=\"elementor elementor-11129\">\n\t\t\t\t<div class=\"elementor-element elementor-element-1761d147 e-flex e-con-boxed e-con e-parent\" data-id=\"1761d147\" data-element_type=\"container\" data-e-type=\"container\">\n\t\t\t\t\t<div class=\"e-con-inner\">\n\t\t\t\t<div class=\"elementor-element elementor-element-3b1d388 elementor-widget elementor-widget-text-editor\" data-id=\"3b1d388\" data-element_type=\"widget\" data-e-type=\"widget\" data-widget_type=\"text-editor.default\">\n\t\t\t\t<div class=\"elementor-widget-container\">\n\t\t\t\t\t\t\t\t\t<p>Les Puces du Canal organisent leur <span style=\"font-weight: 600;\" data-token-index=\"1\">dernier grand d\u00e9ballage professionnel de l\u2019ann\u00e9e<\/span> le <span style=\"font-weight: 600;\" data-token-index=\"3\">vendredi 28 novembre 2025<\/span>. Une journ\u00e9e incontournable pour tous les marchands de brocante, d\u2019antiquit\u00e9s et d\u2019objets vintage.<\/p>\n<!-- notionvc: b94cd7bd-58ba-4a99-9b41-ef63eccabce4 -->\t\t\t\t\t\t\t\t<\/div>\n\t\t\t\t<\/div>\n\t\t\t\t\t<\/div>\n\t\t\t\t<\/div>\n\t\t<div class=\"elementor-element elementor-element-b1f6321 e-flex e-con-boxed e-con e-parent\" data-id=\"b1f6321\" data-element_type=\"container\" data-e-type=\"container\">\n\t\t\t\t\t<div class=\"e-con-inner\">\n\t\t\t\t<div class=\"elementor-element elementor-element-b267d77 elementor-widget elementor-widget-heading\" data-id=\"b267d77\" data-element_type=\"widget\" data-e-type=\"widget\" data-widget_type=\"heading.default\">\n\t\t\t\t<div class=\"elementor-widget-container\">\n\t\t\t\t\t<h2 class=\"elementor-heading-title elementor-size-default\"><span data-token-index=\"0\">Un \u00e9v\u00e9nement d\u00e9di\u00e9 aux professionnels<\/span><!-- notionvc: 5e91092d-e568-409d-a8ac-7ddbd5246317 --><\/h2>\t\t\t\t<\/div>\n\t\t\t\t<\/div>\n\t\t\t\t<div class=\"elementor-element elementor-element-f7d8ebf elementor-widget elementor-widget-text-editor\" data-id=\"f7d8ebf\" data-element_type=\"widget\" data-e-type=\"widget\" data-widget_type=\"text-editor.default\">\n\t\t\t\t<div class=\"elementor-widget-container\">\n\t\t\t\t\t\t\t\t\t<p>Ce d\u00e9ballage exceptionnel r\u00e9unit des exposants venus de toute la France et de l\u2019international. L\u2019occasion id\u00e9ale pour pr\u00e9senter vos plus belles pi\u00e8ces, d\u00e9velopper vos \u00e9changes entre marchands et rencontrer une client\u00e8le passionn\u00e9e.<\/p>\n<!-- notionvc: bfea7acf-cbaa-476a-831c-b9f2192fbb4f -->\t\t\t\t\t\t\t\t<\/div>\n\t\t\t\t<\/div>\n\t\t\t\t<div class=\"elementor-element elementor-element-d59c04e elementor-widget elementor-widget-heading\" data-id=\"d59c04e\" data-element_type=\"widget\" data-e-type=\"widget\" data-widget_type=\"heading.default\">\n\t\t\t\t<div class=\"elementor-widget-container\">\n\t\t\t\t\t<h2 class=\"elementor-heading-title elementor-size-default\">Pourquoi exposer ?<\/h2>\t\t\t\t<\/div>\n\t\t\t\t<\/div>\n\t\t\t\t<div class=\"elementor-element elementor-element-3cdef41 elementor-widget elementor-widget-text-editor\" data-id=\"3cdef41\" data-element_type=\"widget\" data-e-type=\"widget\" data-widget_type=\"text-editor.default\">\n\t\t\t\t<div class=\"elementor-widget-container\">\n\t\t\t\t\t\t\t\t\t<p><!-- notionvc: 29684f36-0e97-49c1-9722-44c60c28e022 --><\/p>\n<ul>\n<li>Pr\u00e9sentez vos objets rares \u00e0 un public cibl\u00e9 et passionn\u00e9.<\/li>\n<li>Rencontrez d\u2019autres marchands dans une ambiance conviviale.<\/li>\n<li>Profitez de la restauration sur place et de l\u2019atmosph\u00e8re unique des Puces du Canal.<\/li>\n<\/ul>\t\t\t\t\t\t\t\t<\/div>\n\t\t\t\t<\/div>\n\t\t\t\t<div class=\"elementor-element elementor-element-eabd19f elementor-widget elementor-widget-text-editor\" data-id=\"eabd19f\" data-element_type=\"widget\" data-e-type=\"widget\" data-widget_type=\"text-editor.default\">\n\t\t\t\t<div class=\"elementor-widget-container\">\n\t\t\t\t\t\t\t\t\t<p><span style=\"text-decoration: underline;\"><strong>Horaires du d\u00e9ballage :<\/strong><\/span><\/p>\n<ul>\n<li>8h : ouverture pour les professionnels<\/li>\n<li>10h : ouverture au public particulier<\/li>\n<\/ul>\t\t\t\t\t\t\t\t<\/div>\n\t\t\t\t<\/div>\n\t\t\t\t<div class=\"elementor-element elementor-element-f6c7b66 elementor-widget elementor-widget-heading\" data-id=\"f6c7b66\" data-element_type=\"widget\" data-e-type=\"widget\" data-widget_type=\"heading.default\">\n\t\t\t\t<div class=\"elementor-widget-container\">\n\t\t\t\t\t<h2 class=\"elementor-heading-title elementor-size-default\">Vous souhaitez exposer en tant que professionnel ?<\/h2>\t\t\t\t<\/div>\n\t\t\t\t<\/div>\n\t\t\t\t<div class=\"elementor-element elementor-element-2de721c elementor-widget elementor-widget-text-editor\" data-id=\"2de721c\" data-element_type=\"widget\" data-e-type=\"widget\" data-widget_type=\"text-editor.default\">\n\t\t\t\t<div class=\"elementor-widget-container\">\n\t\t\t\t\t\t\t\t\t<p>Contactez-nous :<br data-start=\"1200\" data-end=\"1203\" \/>\ud83d\udcde\u00a0<span style=\"font-weight: bolder;\" data-start=\"1206\" data-end=\"1219\">T\u00e9l\u00e9phone<\/span>\u00a0: +33 (0)4 69 85 66 28<br data-start=\"1242\" data-end=\"1245\" \/>\ud83d\udcf1\u00a0<span style=\"font-weight: bolder;\" data-start=\"1248\" data-end=\"1255\">SMS<\/span>\u00a0: +33 (0)7 78 68 65 06<br data-start=\"1278\" data-end=\"1281\" \/>\ud83d\udce7\u00a0<span style=\"font-weight: bolder;\" data-start=\"1284\" data-end=\"1293\">Email<\/span>\u00a0:\u00a0<a class=\"cursor-pointer\" style=\"color: #000000; background-color: #ffffff;\" href=\"mailto:deballagepro@pucesducanal.com\" target=\"_blank\" rel=\"noopener\" data-start=\"1296\" data-end=\"1365\">deballagepro@pucesducanal.com<\/a><\/p>\t\t\t\t\t\t\t\t<\/div>\n\t\t\t\t<\/div>\n\t\t\t\t\t<\/div>\n\t\t\t\t<\/div>\n\t\t\t\t<\/div>\n\t\t","protected":false},"excerpt":{"rendered":"<p>Les Puces du Canal organisent leur dernier grand d\u00e9ballage professionnel de l\u2019ann\u00e9e le vendredi 28 novembre 2025. Une journ\u00e9e incontournable pour tous les marchands de brocante, d\u2019antiquit\u00e9s et d\u2019objets vintage. Un \u00e9v\u00e9nement d\u00e9di\u00e9 aux professionnels Ce d\u00e9ballage exceptionnel r\u00e9unit des exposants venus de toute la France et de l\u2019international. L\u2019occasion id\u00e9ale pour pr\u00e9senter vos plus [&hellip;]<\/p>\n","protected":false},"author":34477,"featured_media":11140,"comment_status":"open","ping_status":"open","sticky":false,"template":"","format":"standard","meta":{"_acf_changed":false,"_exactmetrics_skip_tracking":false,"_exactmetrics_sitenote_active":false,"_exactmetrics_sitenote_note":"","_exactmetrics_sitenote_category":0,"footnotes":""},"categories":[24],"tags":[],"class_list":["post-11129","post","type-post","status-publish","format-standard","has-post-thumbnail","hentry","category-passes"],"acf":[],"aioseo_notices":[],"_links":{"self":[{"href":"https:\/\/www.pucesducanal.com\/fr\/wp-json\/wp\/v2\/posts\/11129","targetHints":{"allow":["GET"]}}],"collection":[{"href":"https:\/\/www.pucesducanal.com\/fr\/wp-json\/wp\/v2\/posts"}],"about":[{"href":"https:\/\/www.pucesducanal.com\/fr\/wp-json\/wp\/v2\/types\/post"}],"author":[{"embeddable":true,"href":"https:\/\/www.pucesducanal.com\/fr\/wp-json\/wp\/v2\/users\/34477"}],"replies":[{"embeddable":true,"href":"https:\/\/www.pucesducanal.com\/fr\/wp-json\/wp\/v2\/comments?post=11129"}],"version-history":[{"count":13,"href":"https:\/\/www.pucesducanal.com\/fr\/wp-json\/wp\/v2\/posts\/11129\/revisions"}],"predecessor-version":[{"id":11143,"href":"https:\/\/www.pucesducanal.com\/fr\/wp-json\/wp\/v2\/posts\/11129\/revisions\/11143"}],"wp:featuredmedia":[{"embeddable":true,"href":"https:\/\/www.pucesducanal.com\/fr\/wp-json\/wp\/v2\/media\/11140"}],"wp:attachment":[{"href":"https:\/\/www.pucesducanal.com\/fr\/wp-json\/wp\/v2\/media?parent=11129"}],"wp:term":[{"taxonomy":"category","embeddable":true,"href":"https:\/\/www.pucesducanal.com\/fr\/wp-json\/wp\/v2\/categories?post=11129"},{"taxonomy":"post_tag","embeddable":true,"href":"https:\/\/www.pucesducanal.com\/fr\/wp-json\/wp\/v2\/tags?post=11129"}],"curies":[{"name":"wp","href":"https:\/\/api.w.org\/{rel}","templated":true}]}}