{"id":7443,"date":"2022-01-12T10:18:57","date_gmt":"2022-01-12T09:18:57","guid":{"rendered":"http:\/\/pdc.eyescom.fr?p=7443"},"modified":"2023-07-05T10:32:52","modified_gmt":"2023-07-05T08:32:52","slug":"onlylyon-x-les-puces-du-canal","status":"publish","type":"post","link":"https:\/\/www.pucesducanal.com\/en\/2022\/01\/12\/onlylyon-x-les-puces-du-canal\/","title":{"rendered":"ONLYLYON x Les Puces du Canal"},"content":{"rendered":"<figure class=\"wp-block-image size-full\"><img fetchpriority=\"high\" decoding=\"async\" width=\"1000\" height=\"500\" src=\"http:\/\/pdc.eyescom.frwp-content\/uploads\/2023\/07\/stickers-onlylyon-2.png\" alt=\"\" class=\"wp-image-8773\" srcset=\"https:\/\/www.pucesducanal.com\/wp-content\/uploads\/2023\/07\/stickers-onlylyon-2.png 1000w, https:\/\/www.pucesducanal.com\/wp-content\/uploads\/2023\/07\/stickers-onlylyon-2-300x150.png 300w\" sizes=\"(max-width: 1000px) 100vw, 1000px\" \/><\/figure>\n\n\n\n<p>Les Puces du Canal d\u00e9butent une nouvelle ann\u00e9e en tant que partenaire aux c\u00f4t\u00e9s d\u2019<a href=\"https:\/\/www.onlylyon.com\/\" title=\"Only Lyon\">Only Lyon<\/a>,&nbsp;programme de marketing territorial de la M\u00e9tropole charg\u00e9 de son rayonnement.<\/p>\n\n\n\n<p><a href=\"https:\/\/www.onlylyon.com\/\" title=\"ONLYLYON\">ONLYLYON<\/a><em> <\/em>met en lumi\u00e8re les lieux lyonnais inspirants illustrant les diff\u00e9rents visages de notre territoire.\u00a0En effet, notre lieu embl\u00e9matique s\u00e9duit depuis des ann\u00e9es des touristes de toute la France et un public international. Une visite aux Puces du Canal c\u2019est la d\u00e9couverte de l\u2019art de vivre \u00e0 la fran\u00e7aise, d\u2019un patrimoine unique. Depuis bient\u00f4t 30 ans, nous sommes devenus une vrai destination dans la R\u00e9gion.<\/p>\n\n\n\n<p>Notre lieu est signataire de la Charte S\u00e9r\u00e9nit\u00e9\u00a0garantissant le respect des exigences en mati\u00e8re de sanitaire.<\/p>","protected":false},"excerpt":{"rendered":"<p>Les Puces du Canal d\u00e9butent une nouvelle ann\u00e9e en tant que partenaire aux c\u00f4t\u00e9s d\u2019Only Lyon,&nbsp;programme de marketing territorial de la M\u00e9tropole charg\u00e9 de son rayonnement. ONLYLYON met en lumi\u00e8re les lieux lyonnais inspirants illustrant les diff\u00e9rents visages de notre territoire.\u00a0En effet, notre lieu embl\u00e9matique s\u00e9duit depuis des ann\u00e9es des touristes de toute la France [&hellip;]<\/p>","protected":false},"author":2,"featured_media":7465,"comment_status":"open","ping_status":"open","sticky":false,"template":"","format":"standard","meta":{"_acf_changed":false,"_exactmetrics_skip_tracking":false,"_exactmetrics_sitenote_active":false,"_exactmetrics_sitenote_note":"","_exactmetrics_sitenote_category":0,"footnotes":""},"categories":[24],"tags":[],"class_list":["post-7443","post","type-post","status-publish","format-standard","has-post-thumbnail","hentry","category-passes"],"acf":[],"aioseo_notices":[],"_links":{"self":[{"href":"https:\/\/www.pucesducanal.com\/en\/wp-json\/wp\/v2\/posts\/7443","targetHints":{"allow":["GET"]}}],"collection":[{"href":"https:\/\/www.pucesducanal.com\/en\/wp-json\/wp\/v2\/posts"}],"about":[{"href":"https:\/\/www.pucesducanal.com\/en\/wp-json\/wp\/v2\/types\/post"}],"author":[{"embeddable":true,"href":"https:\/\/www.pucesducanal.com\/en\/wp-json\/wp\/v2\/users\/2"}],"replies":[{"embeddable":true,"href":"https:\/\/www.pucesducanal.com\/en\/wp-json\/wp\/v2\/comments?post=7443"}],"version-history":[{"count":5,"href":"https:\/\/www.pucesducanal.com\/en\/wp-json\/wp\/v2\/posts\/7443\/revisions"}],"predecessor-version":[{"id":8803,"href":"https:\/\/www.pucesducanal.com\/en\/wp-json\/wp\/v2\/posts\/7443\/revisions\/8803"}],"wp:featuredmedia":[{"embeddable":true,"href":"https:\/\/www.pucesducanal.com\/en\/wp-json\/wp\/v2\/media\/7465"}],"wp:attachment":[{"href":"https:\/\/www.pucesducanal.com\/en\/wp-json\/wp\/v2\/media?parent=7443"}],"wp:term":[{"taxonomy":"category","embeddable":true,"href":"https:\/\/www.pucesducanal.com\/en\/wp-json\/wp\/v2\/categories?post=7443"},{"taxonomy":"post_tag","embeddable":true,"href":"https:\/\/www.pucesducanal.com\/en\/wp-json\/wp\/v2\/tags?post=7443"}],"curies":[{"name":"wp","href":"https:\/\/api.w.org\/{rel}","templated":true}]}}