{"id":11227,"date":"2026-01-20T12:54:35","date_gmt":"2026-01-20T11:54:35","guid":{"rendered":"https:\/\/www.pucesducanal.com\/?p=11227"},"modified":"2026-01-27T14:21:11","modified_gmt":"2026-01-27T13:21:11","slug":"deballage-international-2026-3-dates-a-retenir","status":"publish","type":"post","link":"https:\/\/www.pucesducanal.com\/en\/2026\/01\/20\/deballage-international-2026-3-dates-a-retenir\/","title":{"rendered":"D\u00e9ballage International 2026 : 3 dates \u00e0 retenir !"},"content":{"rendered":"<div data-elementor-type=\"wp-post\" data-elementor-id=\"11227\" class=\"elementor elementor-11227\">\n\t\t\t\t<div class=\"elementor-element elementor-element-6943ac3 e-flex e-con-boxed e-con e-parent\" data-id=\"6943ac3\" data-element_type=\"container\" data-e-type=\"container\">\n\t\t\t\t\t<div class=\"e-con-inner\">\n\t\t\t\t<div class=\"elementor-element elementor-element-1d2fb9b elementor-widget elementor-widget-heading\" data-id=\"1d2fb9b\" data-element_type=\"widget\" data-e-type=\"widget\" data-widget_type=\"heading.default\">\n\t\t\t\t<div class=\"elementor-widget-container\">\n\t\t\t\t\t<h1 class=\"elementor-heading-title elementor-size-default\">3 journ\u00e9es d\u00e9di\u00e9es aux professionnels de l'antiquit\u00e9 et de la brocante<\/h1>\t\t\t\t<\/div>\n\t\t\t\t<\/div>\n\t\t\t\t\t<\/div>\n\t\t\t\t<\/div>\n\t\t<div class=\"elementor-element elementor-element-ac79e77 e-flex e-con-boxed e-con e-parent\" data-id=\"ac79e77\" data-element_type=\"container\" data-e-type=\"container\">\n\t\t\t\t\t<div class=\"e-con-inner\">\n\t\t\t\t<div class=\"elementor-element elementor-element-7f6ead4 elementor-widget elementor-widget-heading\" data-id=\"7f6ead4\" data-element_type=\"widget\" data-e-type=\"widget\" data-widget_type=\"heading.default\">\n\t\t\t\t<div class=\"elementor-widget-container\">\n\t\t\t\t\t<h2 class=\"elementor-heading-title elementor-size-default\">Les dates du D\u00e9ballage International 2026<\/h2>\t\t\t\t<\/div>\n\t\t\t\t<\/div>\n\t\t\t\t\t<\/div>\n\t\t\t\t<\/div>\n\t\t<div class=\"elementor-element elementor-element-0dda95f e-flex e-con-boxed e-con e-parent\" data-id=\"0dda95f\" data-element_type=\"container\" data-e-type=\"container\">\n\t\t\t\t\t<div class=\"e-con-inner\">\n\t\t\t\t<div class=\"elementor-element elementor-element-9782318 elementor-widget elementor-widget-text-editor\" data-id=\"9782318\" data-element_type=\"widget\" data-e-type=\"widget\" data-widget_type=\"text-editor.default\">\n\t\t\t\t<div class=\"elementor-widget-container\">\n\t\t\t\t\t\t\t\t\t<ul><li><b>Jeudi 12 f\u00e9vrier<\/b><\/li><li><b>Jeudi 9 avril<\/b><\/li><li><b>Jeudi 25 juin<\/b><\/li><\/ul><p data-start=\"1306\" data-end=\"1491\">Trois rendez-vous pour renouveler vos stocks, d\u00e9velopper votre r\u00e9seau ou pr\u00e9senter vos pi\u00e8ces \u00e0 un public de professionnels !<\/p><p><b>Nouveaut\u00e9 cette ann\u00e9e :<\/b> les dates de 2026 se tiennent <strong>les jeudis, jour d\u2019ouverture habituel du march\u00e9,<\/strong>\u00a0afin de concentrer l\u2019activit\u00e9 et de faire du jeudi un moment incontournable pour les professionnels.<\/p>\t\t\t\t\t\t\t\t<\/div>\n\t\t\t\t<\/div>\n\t\t<div class=\"elementor-element elementor-element-fa367d6 e-con-full e-flex e-con e-child\" data-id=\"fa367d6\" data-element_type=\"container\" data-e-type=\"container\">\n\t\t\t\t<div class=\"elementor-element elementor-element-59c89ac elementor-widget elementor-widget-heading\" data-id=\"59c89ac\" data-element_type=\"widget\" data-e-type=\"widget\" data-widget_type=\"heading.default\">\n\t\t\t\t<div class=\"elementor-widget-container\">\n\t\t\t\t\t<h2 class=\"elementor-heading-title elementor-size-default\">Au programme<\/h2>\t\t\t\t<\/div>\n\t\t\t\t<\/div>\n\t\t\t\t<div class=\"elementor-element elementor-element-278c788 elementor-widget elementor-widget-text-editor\" data-id=\"278c788\" data-element_type=\"widget\" data-e-type=\"widget\" data-widget_type=\"text-editor.default\">\n\t\t\t\t<div class=\"elementor-widget-container\">\n\t\t\t\t\t\t\t\t\t<ul><li>Un d\u00e9ballage ext\u00e9rieur r\u00e9unissant<b> meubles et objets venus de toute l&rsquo;Europe<\/b><\/li><li>Plus de <b>200 boutiques de marchands r\u00e9sidents<\/b> \u00e0 explorer au coeur du march\u00e9<\/li><li><b>Plusieurs restaurants<\/b> sur site pour savourer les sp\u00e9cialit\u00e9s lyonnaises et prolonger les \u00e9changes autout d&rsquo;une table<\/li><\/ul>\t\t\t\t\t\t\t\t<\/div>\n\t\t\t\t<\/div>\n\t\t\t\t<div class=\"elementor-element elementor-element-ad51c35 elementor-widget elementor-widget-image\" data-id=\"ad51c35\" data-element_type=\"widget\" data-e-type=\"widget\" data-widget_type=\"image.default\">\n\t\t\t\t<div class=\"elementor-widget-container\">\n\t\t\t\t\t\t\t\t\t\t\t\t\t\t\t<img fetchpriority=\"high\" decoding=\"async\" width=\"575\" height=\"366\" src=\"https:\/\/www.pucesducanal.com\/wp-content\/uploads\/2026\/01\/DI2026.jpg\" class=\"attachment-large size-large wp-image-11241\" alt=\"\" srcset=\"https:\/\/www.pucesducanal.com\/wp-content\/uploads\/2026\/01\/DI2026.jpg 575w, https:\/\/www.pucesducanal.com\/wp-content\/uploads\/2026\/01\/DI2026-300x191.jpg 300w, https:\/\/www.pucesducanal.com\/wp-content\/uploads\/2026\/01\/DI2026-18x12.jpg 18w\" sizes=\"(max-width: 575px) 100vw, 575px\" \/>\t\t\t\t\t\t\t\t\t\t\t\t\t\t\t<\/div>\n\t\t\t\t<\/div>\n\t\t\t\t<\/div>\n\t\t\t\t<div class=\"elementor-element elementor-element-05fc739 elementor-widget elementor-widget-heading\" data-id=\"05fc739\" data-element_type=\"widget\" data-e-type=\"widget\" data-widget_type=\"heading.default\">\n\t\t\t\t<div class=\"elementor-widget-container\">\n\t\t\t\t\t<h2 class=\"elementor-heading-title elementor-size-default\">Horaires <\/h2>\t\t\t\t<\/div>\n\t\t\t\t<\/div>\n\t\t\t\t\t<\/div>\n\t\t\t\t<\/div>\n\t\t<div class=\"elementor-element elementor-element-c26e2c0 e-flex e-con-boxed e-con e-parent\" data-id=\"c26e2c0\" data-element_type=\"container\" data-e-type=\"container\">\n\t\t\t\t\t<div class=\"e-con-inner\">\n\t\t\t\t<div class=\"elementor-element elementor-element-5847803 elementor-widget elementor-widget-text-editor\" data-id=\"5847803\" data-element_type=\"widget\" data-e-type=\"widget\" data-widget_type=\"text-editor.default\">\n\t\t\t\t<div class=\"elementor-widget-container\">\n\t\t\t\t\t\t\t\t\t<p>Voici le d\u00e9roulement de la journ\u00e9e aux Puces du Canal :<\/p><ul data-start=\"1633\" data-end=\"1822\"><li data-start=\"1633\" data-end=\"1710\"><p data-start=\"1635\" data-end=\"1710\"><strong data-start=\"1635\" data-end=\"1643\">6h00<\/strong> : ouverture du site et installation des marchands professionnels<\/p><\/li><li data-start=\"1633\" data-end=\"1710\"><p data-start=\"1635\" data-end=\"1710\"><strong data-start=\"1713\" data-end=\"1721\">7h00<\/strong> : d\u00e9but du d\u00e9ballage r\u00e9serv\u00e9 aux acheteurs professionnels<\/p><\/li><li data-start=\"1782\" data-end=\"1822\"><p data-start=\"1784\" data-end=\"1822\"><strong data-start=\"1784\" data-end=\"1792\">8h00<\/strong> : ouverture au grand public<\/p><\/li><\/ul><p data-start=\"1824\" data-end=\"1960\">Ce format favorise les <strong data-start=\"1847\" data-end=\"1884\">transactions entre professionnels<\/strong>, dans des conditions optimales, avant l\u2019arriv\u00e9e des visiteurs particuliers.<\/p>\t\t\t\t\t\t\t\t<\/div>\n\t\t\t\t<\/div>\n\t\t\t\t\t<\/div>\n\t\t\t\t<\/div>\n\t\t<div class=\"elementor-element elementor-element-aafce96 e-flex e-con-boxed e-con e-parent\" data-id=\"aafce96\" data-element_type=\"container\" data-e-type=\"container\">\n\t\t\t\t\t<div class=\"e-con-inner\">\n\t\t\t\t<div class=\"elementor-element elementor-element-a8f8f50 elementor-widget elementor-widget-heading\" data-id=\"a8f8f50\" data-element_type=\"widget\" data-e-type=\"widget\" data-widget_type=\"heading.default\">\n\t\t\t\t<div class=\"elementor-widget-container\">\n\t\t\t\t\t<h2 class=\"elementor-heading-title elementor-size-default\">Un \u00e9v\u00e9nement pens\u00e9 pour les professionnels<\/h2>\t\t\t\t<\/div>\n\t\t\t\t<\/div>\n\t\t\t\t\t<\/div>\n\t\t\t\t<\/div>\n\t\t<div class=\"elementor-element elementor-element-6f20bda e-flex e-con-boxed e-con e-parent\" data-id=\"6f20bda\" data-element_type=\"container\" data-e-type=\"container\">\n\t\t\t\t\t<div class=\"e-con-inner\">\n\t\t\t\t<div class=\"elementor-element elementor-element-25063b0 elementor-widget elementor-widget-text-editor\" data-id=\"25063b0\" data-element_type=\"widget\" data-e-type=\"widget\" data-widget_type=\"text-editor.default\">\n\t\t\t\t<div class=\"elementor-widget-container\">\n\t\t\t\t\t\t\t\t\t<p>Le D\u00e9ballage International des Puces du Canal est con\u00e7u pour :<\/p><ul data-start=\"2079\" data-end=\"2361\"><li data-start=\"2079\" data-end=\"2157\"><p data-start=\"2081\" data-end=\"2157\">encourager les <strong data-start=\"2096\" data-end=\"2126\">rencontres entre marchands<\/strong>, acheteurs et collectionneurs,<\/p><\/li><li data-start=\"2158\" data-end=\"2203\"><p data-start=\"2160\" data-end=\"2203\">faciliter les <strong data-start=\"2174\" data-end=\"2202\">\u00e9changes commerciaux B2B<\/strong>,<\/p><\/li><li data-start=\"2204\" data-end=\"2264\"><p data-start=\"2206\" data-end=\"2264\">offrir une <strong data-start=\"2217\" data-end=\"2246\">visibilit\u00e9 internationale<\/strong> \u00e0 votre activit\u00e9,<\/p><\/li><li data-start=\"2265\" data-end=\"2361\"><p data-start=\"2267\" data-end=\"2361\"><span data-start=\"311\" data-end=\"390\">pr\u00e9senter vos articles \u00e0 <b>un public cibl\u00e9<\/b> de professionnels et de passionn\u00e9s<\/span>.<\/p><\/li><\/ul><div><p>Cet \u00e9v\u00e9nement s\u2019inscrit dans la continuit\u00e9 des d\u00e9ballages professionnels organis\u00e9s aux Puces du Canal, lieu embl\u00e9matique de la brocante \u00e0 Lyon et en France.<\/p><\/div>\t\t\t\t\t\t\t\t<\/div>\n\t\t\t\t<\/div>\n\t\t\t\t\t<\/div>\n\t\t\t\t<\/div>\n\t\t<div class=\"elementor-element elementor-element-8cf711c e-flex e-con-boxed e-con e-parent\" data-id=\"8cf711c\" data-element_type=\"container\" data-e-type=\"container\">\n\t\t\t\t\t<div class=\"e-con-inner\">\n\t\t\t\t<div class=\"elementor-element elementor-element-056e48f elementor-widget elementor-widget-heading\" data-id=\"056e48f\" data-element_type=\"widget\" data-e-type=\"widget\" data-widget_type=\"heading.default\">\n\t\t\t\t<div class=\"elementor-widget-container\">\n\t\t\t\t\t<h2 class=\"elementor-heading-title elementor-size-default\">Vous \u00eates professionnel et souhaitez participer ?<\/h2>\t\t\t\t<\/div>\n\t\t\t\t<\/div>\n\t\t\t\t\t<\/div>\n\t\t\t\t<\/div>\n\t\t<div class=\"elementor-element elementor-element-cb9e42c e-flex e-con-boxed e-con e-parent\" data-id=\"cb9e42c\" data-element_type=\"container\" data-e-type=\"container\">\n\t\t\t\t\t<div class=\"e-con-inner\">\n\t\t\t\t<div class=\"elementor-element elementor-element-6fb5e57 elementor-widget elementor-widget-text-editor\" data-id=\"6fb5e57\" data-element_type=\"widget\" data-e-type=\"widget\" data-widget_type=\"text-editor.default\">\n\t\t\t\t<div class=\"elementor-widget-container\">\n\t\t\t\t\t\t\t\t\t<p>Les inscriptions sont ouvertes aux vendeurs professionnels.<\/p><p>Vous pouvez <strong data-start=\"291\" data-end=\"351\">r\u00e9server votre place directement sur notre site internet<\/strong> pour participer \u00e0 une, deux ou les trois dates de cette ann\u00e9e.<\/p>\t\t\t\t\t\t\t\t<\/div>\n\t\t\t\t<\/div>\n\t\t\t\t<div class=\"elementor-element elementor-element-2879445 elementor-align-center elementor-widget elementor-widget-button\" data-id=\"2879445\" data-element_type=\"widget\" data-e-type=\"widget\" data-widget_type=\"button.default\">\n\t\t\t\t<div class=\"elementor-widget-container\">\n\t\t\t\t\t\t\t\t\t<div class=\"elementor-button-wrapper\">\n\t\t\t\t\t<a class=\"elementor-button elementor-button-link elementor-size-sm\" href=\"https:\/\/www.pucesducanal.com\/fr\/reservation-deballage-international\/\">\n\t\t\t\t\t\t<span class=\"elementor-button-content-wrapper\">\n\t\t\t\t\t\t\t\t\t<span class=\"elementor-button-text\">R\u00e9servez un emplacement<\/span>\n\t\t\t\t\t<\/span>\n\t\t\t\t\t<\/a>\n\t\t\t\t<\/div>\n\t\t\t\t\t\t\t\t<\/div>\n\t\t\t\t<\/div>\n\t\t\t\t<div class=\"elementor-element elementor-element-40cea2b elementor-widget elementor-widget-text-editor\" data-id=\"40cea2b\" data-element_type=\"widget\" data-e-type=\"widget\" data-widget_type=\"text-editor.default\">\n\t\t\t\t<div class=\"elementor-widget-container\">\n\t\t\t\t\t\t\t\t\t<p style=\"font-size: medium;\" data-start=\"2630\" data-end=\"2689\"><span style=\"font-size: 16px;\">Si vous souhaitez <\/span><strong style=\"font-size: 16px;\" data-start=\"473\" data-end=\"522\">r\u00e9server par t\u00e9l\u00e9phone ou pour toute question<\/strong><span style=\"font-size: 16px;\">, contactez-nous :<\/span><\/p><p data-start=\"2729\" data-end=\"2766\">\ud83d\udcde <strong data-start=\"2732\" data-end=\"2741\">Appel<\/strong> : +33 4 69 85 66 28<\/p><p data-start=\"2769\" data-end=\"2804\">\ud83d\udcac <strong data-start=\"2772\" data-end=\"2779\">SMS<\/strong> : +33 7 78 68 65 06<\/p><p data-start=\"2807\" data-end=\"2891\">\u2709\ufe0f <strong data-start=\"2810\" data-end=\"2819\">Email<\/strong> : jpa<a rel=\"noopener\" data-start=\"2822\" data-end=\"2891\">@pucesducanal.com<\/a><\/p>\t\t\t\t\t\t\t\t<\/div>\n\t\t\t\t<\/div>\n\t\t\t\t\t<\/div>\n\t\t\t\t<\/div>\n\t\t<div class=\"elementor-element elementor-element-a9a020f e-flex e-con-boxed e-con e-parent\" data-id=\"a9a020f\" data-element_type=\"container\" data-e-type=\"container\">\n\t\t\t\t\t<div class=\"e-con-inner\">\n\t\t\t\t<div class=\"elementor-element elementor-element-e90622a elementor-widget elementor-widget-text-editor\" data-id=\"e90622a\" data-element_type=\"widget\" data-e-type=\"widget\" data-widget_type=\"text-editor.default\">\n\t\t\t\t<div class=\"elementor-widget-container\">\n\t\t\t\t\t\t\t\t\t<p>Nous avons h\u00e2te de vous accueillir pour cette <strong data-start=\"3095\" data-end=\"3143\">nouvelle \u00e9dition du D\u00e9ballage International<\/strong>, et de vous permettre de mettre en lumi\u00e8re votre activit\u00e9 aupr\u00e8s d\u2019un <strong data-start=\"3214\" data-end=\"3273\">public international de professionnels et de passionn\u00e9s !<\/strong><\/p>\t\t\t\t\t\t\t\t<\/div>\n\t\t\t\t<\/div>\n\t\t\t\t\t<\/div>\n\t\t\t\t<\/div>\n\t\t<div class=\"elementor-element elementor-element-e567476 e-flex e-con-boxed e-con e-parent\" data-id=\"e567476\" data-element_type=\"container\" data-e-type=\"container\">\n\t\t\t\t\t<div class=\"e-con-inner\">\n\t\t\t\t\t<\/div>\n\t\t\t\t<\/div>\n\t\t\t\t<\/div>","protected":false},"excerpt":{"rendered":"<p>3 journ\u00e9es d\u00e9di\u00e9es aux professionnels de l&rsquo;antiquit\u00e9 et de la brocante Les dates du D\u00e9ballage International 2026 Jeudi 12 f\u00e9vrier Jeudi 9 avril Jeudi 25 juin Trois rendez-vous pour renouveler vos stocks, d\u00e9velopper votre r\u00e9seau ou pr\u00e9senter vos pi\u00e8ces \u00e0 un public de professionnels ! Nouveaut\u00e9 cette ann\u00e9e : les dates de 2026 se tiennent [&hellip;]<\/p>","protected":false},"author":34477,"featured_media":11254,"comment_status":"open","ping_status":"open","sticky":false,"template":"","format":"standard","meta":{"_acf_changed":false,"_exactmetrics_skip_tracking":false,"_exactmetrics_sitenote_active":false,"_exactmetrics_sitenote_note":"","_exactmetrics_sitenote_category":0,"footnotes":""},"categories":[23],"tags":[],"class_list":["post-11227","post","type-post","status-publish","format-standard","has-post-thumbnail","hentry","category-a-venir"],"acf":[],"aioseo_notices":[],"_links":{"self":[{"href":"https:\/\/www.pucesducanal.com\/en\/wp-json\/wp\/v2\/posts\/11227","targetHints":{"allow":["GET"]}}],"collection":[{"href":"https:\/\/www.pucesducanal.com\/en\/wp-json\/wp\/v2\/posts"}],"about":[{"href":"https:\/\/www.pucesducanal.com\/en\/wp-json\/wp\/v2\/types\/post"}],"author":[{"embeddable":true,"href":"https:\/\/www.pucesducanal.com\/en\/wp-json\/wp\/v2\/users\/34477"}],"replies":[{"embeddable":true,"href":"https:\/\/www.pucesducanal.com\/en\/wp-json\/wp\/v2\/comments?post=11227"}],"version-history":[{"count":25,"href":"https:\/\/www.pucesducanal.com\/en\/wp-json\/wp\/v2\/posts\/11227\/revisions"}],"predecessor-version":[{"id":11261,"href":"https:\/\/www.pucesducanal.com\/en\/wp-json\/wp\/v2\/posts\/11227\/revisions\/11261"}],"wp:featuredmedia":[{"embeddable":true,"href":"https:\/\/www.pucesducanal.com\/en\/wp-json\/wp\/v2\/media\/11254"}],"wp:attachment":[{"href":"https:\/\/www.pucesducanal.com\/en\/wp-json\/wp\/v2\/media?parent=11227"}],"wp:term":[{"taxonomy":"category","embeddable":true,"href":"https:\/\/www.pucesducanal.com\/en\/wp-json\/wp\/v2\/categories?post=11227"},{"taxonomy":"post_tag","embeddable":true,"href":"https:\/\/www.pucesducanal.com\/en\/wp-json\/wp\/v2\/tags?post=11227"}],"curies":[{"name":"wp","href":"https:\/\/api.w.org\/{rel}","templated":true}]}}