{"id":10976,"date":"2025-07-08T16:49:17","date_gmt":"2025-07-08T14:49:17","guid":{"rendered":"https:\/\/www.pucesducanal.com\/?p=10976"},"modified":"2025-10-13T18:17:39","modified_gmt":"2025-10-13T16:17:39","slug":"les-puces-du-canal-fetent-leurs-30-ans","status":"publish","type":"post","link":"https:\/\/www.pucesducanal.com\/en\/2025\/07\/08\/les-puces-du-canal-fetent-leurs-30-ans\/","title":{"rendered":"Les Puces du Canal f\u00eatent leurs 30 ans !"},"content":{"rendered":"<div data-elementor-type=\"wp-post\" data-elementor-id=\"10976\" class=\"elementor elementor-10976\">\n\t\t\t\t<div class=\"elementor-element elementor-element-b254b62 e-flex e-con-boxed e-con e-parent\" data-id=\"b254b62\" data-element_type=\"container\" data-e-type=\"container\">\n\t\t\t\t\t<div class=\"e-con-inner\">\n\t\t\t\t<div class=\"elementor-element elementor-element-b91f46c elementor-widget elementor-widget-text-editor\" data-id=\"b91f46c\" data-element_type=\"widget\" data-e-type=\"widget\" data-widget_type=\"text-editor.default\">\n\t\t\t\t<div class=\"elementor-widget-container\">\n\t\t\t\t\t\t\t\t\t<p data-start=\"313\" data-end=\"527\">Depuis 1995, <strong data-start=\"326\" data-end=\"348\">les Puces du Canal<\/strong>, v\u00e9ritable r\u00e9f\u00e9rence en mati\u00e8re de <strong data-start=\"384\" data-end=\"396\">brocante<\/strong> \u00e0 Lyon et en France, font vibrer les passionn\u00e9s d\u2019<strong data-start=\"447\" data-end=\"465\">objets anciens<\/strong>, de <strong data-start=\"470\" data-end=\"481\">vintage<\/strong>, de <strong data-start=\"486\" data-end=\"496\">design<\/strong> et d\u2019<strong data-start=\"502\" data-end=\"524\">histoires \u00e0 chiner<\/strong>.<\/p><p data-start=\"529\" data-end=\"726\">Trente ans plus tard, cette institution incontournable continue d\u2019attirer <strong data-start=\"603\" data-end=\"626\">curieux du dimanche<\/strong>, <strong data-start=\"628\" data-end=\"647\">collectionneurs<\/strong>, <strong data-start=\"649\" data-end=\"677\">amateurs d\u2019art populaire<\/strong> et <strong data-start=\"681\" data-end=\"697\">fans de d\u00e9co<\/strong> en qu\u00eate de tr\u00e9sors uniques.<\/p>\t\t\t\t\t\t\t\t<\/div>\n\t\t\t\t<\/div>\n\t\t\t\t<div class=\"elementor-element elementor-element-1c31952 elementor-widget elementor-widget-heading\" data-id=\"1c31952\" data-element_type=\"widget\" data-e-type=\"widget\" data-widget_type=\"heading.default\">\n\t\t\t\t<div class=\"elementor-widget-container\">\n\t\t\t\t\t<h2 class=\"elementor-heading-title elementor-size-default\">Un anniversaire exceptionnel \u00e0 c\u00e9l\u00e9brer ensemble<\/h2>\t\t\t\t<\/div>\n\t\t\t\t<\/div>\n\t\t\t\t<div class=\"elementor-element elementor-element-c542d78 elementor-widget elementor-widget-text-editor\" data-id=\"c542d78\" data-element_type=\"widget\" data-e-type=\"widget\" data-widget_type=\"text-editor.default\">\n\t\t\t\t<div class=\"elementor-widget-container\">\n\t\t\t\t\t\t\t\t\t<p>Pour f\u00eater les <strong data-start=\"801\" data-end=\"830\">30 ans des Puces du Canal<\/strong>, nous vous pr\u00e9parons un <strong data-start=\"855\" data-end=\"874\">week-end festif<\/strong> et convivial, ponctu\u00e9 de <strong data-start=\"900\" data-end=\"913\">surprises<\/strong>, de <strong data-start=\"918\" data-end=\"932\">rencontres<\/strong> et d\u2019<strong data-start=\"938\" data-end=\"961\">animations in\u00e9dites<\/strong>, dans l\u2019univers unique de la <strong data-start=\"991\" data-end=\"1003\">brocante<\/strong>.<\/p>\t\t\t\t\t\t\t\t<\/div>\n\t\t\t\t<\/div>\n\t\t\t\t<div class=\"elementor-element elementor-element-19a9f9d elementor-widget elementor-widget-heading\" data-id=\"19a9f9d\" data-element_type=\"widget\" data-e-type=\"widget\" data-widget_type=\"heading.default\">\n\t\t\t\t<div class=\"elementor-widget-container\">\n\t\t\t\t\t<h2 class=\"elementor-heading-title elementor-size-default\">Au programme :<\/h2>\t\t\t\t<\/div>\n\t\t\t\t<\/div>\n\t\t\t\t<div class=\"elementor-element elementor-element-a0f710b elementor-widget elementor-widget-text-editor\" data-id=\"a0f710b\" data-element_type=\"widget\" data-e-type=\"widget\" data-widget_type=\"text-editor.default\">\n\t\t\t\t<div class=\"elementor-widget-container\">\n\t\t\t\t\t\t\t\t\t<p>Et voici le programme tout au long du week-end :<br \/>\u2728 Boutiques \u00e9ph\u00e9m\u00e8res : Printemps, La Canadienne, Oxfam, Papote, L\u2019Oubli Temps, Docteur Clown et Mineka<br \/>\ud83c\udfaf Stands de vogue &amp; jeu de piste g\u00e9ant \u00e0 travers les all\u00e9es<br \/>\ud83d\uddbc\ufe0f Expo r\u00e9trospective des 30 ans des Puces<br \/>\ud83d\udcf8 Expo photo sign\u00e9e Habitat et Humanisme<\/p><h3><strong>Samedi 11 octobre<\/strong><\/h3><p>\ud83d\udd63 8h30 : cort\u00e8ge de v\u00e9hicules vintage<br \/>\ud83e\udd41 Batucada \u2013 <em>Percut\u2019Ensemble<\/em> (10h30 \/ 12h \/ 14h)<br \/>\ud83c\udfbc Accord\u00e9on \u2013 <em>Ga\u00ebtan<\/em><br \/>\ud83c\udfa0 Orgue de barbarie \u2013 <em>Mamie Denise<\/em><br \/>\ud83d\udd27 10h \u00e0 13h : atelier cr\u00e9atif avec <em>La BriCC<\/em><br \/>\ud83c\udf9f\ufe0f 11h : tirage de la tombola<\/p><h3><strong>Dimanche 12 octobre<\/strong><\/h3><p>\ud83e\udd41 Percussions \u2013 <em>Okouabo<\/em> (10h30 &amp; 11h30)<br \/>\ud83c\udfba Fanfare \u2013 <em>Krapo<\/em> (13h \u00e0 14h30)<br \/>\ud83c\udfbc Accord\u00e9on \u2013 <em>Ga\u00ebtan<\/em><br \/>\ud83c\udfa0 Orgue de barbarie \u2013 <em>Mamie Denise<\/em><br \/>\ud83e\uddf7 10h \u00e0 15h : atelier badges et marque-pages avec <em>Les Cousettes<\/em><br \/>\ud83c\udf9f\ufe0f 11h : tirage de la tombola<\/p><ul><li>Tombola : tenter de gagner de superbes lots des marchands des Puces ou de partenaires locaux gr\u00e2ce \u00e0 1 tombola \/ jour &#8211; <a href=\"https:\/\/forms.gle\/SeksuQ2AVyNGRRw58\" target=\"_blank\" rel=\"noopener\"><strong>inscription gratuite ici<\/strong><\/a><\/li><\/ul><p data-start=\"1337\" data-end=\"1429\">Mais surtout, ce sont nos <strong data-start=\"1363\" data-end=\"1376\">marchands<\/strong> \u2013 piliers des Puces \u2013 qui seront mis \u00e0 l\u2019honneur :<\/p><ul data-start=\"1430\" data-end=\"1575\"><li data-start=\"1430\" data-end=\"1507\"><p data-start=\"1432\" data-end=\"1507\">Certains sont l\u00e0 <strong data-start=\"1449\" data-end=\"1464\">depuis 1995<\/strong>, fid\u00e8les t\u00e9moins de cette belle aventure<\/p><\/li><li data-start=\"1508\" data-end=\"1575\"><p data-start=\"1510\" data-end=\"1575\">D\u2019autres, fra\u00eechement install\u00e9s, apportent une nouvelle \u00e9nergie<\/p><\/li><\/ul><p data-start=\"1577\" data-end=\"1814\">Qu\u2019ils soient en <strong data-start=\"1594\" data-end=\"1606\">boutique<\/strong> ou sur le <strong data-start=\"1617\" data-end=\"1640\">d\u00e9ballage ext\u00e9rieur<\/strong>, tous vous proposeront des <strong data-start=\"1668\" data-end=\"1690\">objets de brocante<\/strong>, du <strong data-start=\"1695\" data-end=\"1715\">mobilier vintage<\/strong>, des <strong data-start=\"1721\" data-end=\"1741\">pi\u00e8ces de design<\/strong>, des <strong data-start=\"1747\" data-end=\"1770\">cr\u00e9ations upcycl\u00e9es<\/strong>, et des <strong data-start=\"1779\" data-end=\"1793\">curiosit\u00e9s<\/strong> pour tous les go\u00fbts.<\/p>\t\t\t\t\t\t\t\t<\/div>\n\t\t\t\t<\/div>\n\t\t\t\t<div class=\"elementor-element elementor-element-eae06c3 elementor-widget elementor-widget-image\" data-id=\"eae06c3\" data-element_type=\"widget\" data-e-type=\"widget\" data-widget_type=\"image.default\">\n\t\t\t\t<div class=\"elementor-widget-container\">\n\t\t\t\t\t\t\t\t\t\t\t\t\t\t\t<img fetchpriority=\"high\" decoding=\"async\" width=\"724\" height=\"1024\" src=\"https:\/\/www.pucesducanal.com\/wp-content\/uploads\/2025\/07\/Plan-animations-30-ans-724x1024.jpg\" class=\"attachment-large size-large wp-image-11100\" alt=\"\" srcset=\"https:\/\/www.pucesducanal.com\/wp-content\/uploads\/2025\/07\/Plan-animations-30-ans-724x1024.jpg 724w, https:\/\/www.pucesducanal.com\/wp-content\/uploads\/2025\/07\/Plan-animations-30-ans-212x300.jpg 212w, https:\/\/www.pucesducanal.com\/wp-content\/uploads\/2025\/07\/Plan-animations-30-ans-768x1086.jpg 768w, https:\/\/www.pucesducanal.com\/wp-content\/uploads\/2025\/07\/Plan-animations-30-ans-1086x1536.jpg 1086w, https:\/\/www.pucesducanal.com\/wp-content\/uploads\/2025\/07\/Plan-animations-30-ans-8x12.jpg 8w, https:\/\/www.pucesducanal.com\/wp-content\/uploads\/2025\/07\/Plan-animations-30-ans.jpg 1414w\" sizes=\"(max-width: 724px) 100vw, 724px\" \/>\t\t\t\t\t\t\t\t\t\t\t\t\t\t\t<\/div>\n\t\t\t\t<\/div>\n\t\t\t\t<div class=\"elementor-element elementor-element-c1fa34c elementor-widget elementor-widget-text-editor\" data-id=\"c1fa34c\" data-element_type=\"widget\" data-e-type=\"widget\" data-widget_type=\"text-editor.default\">\n\t\t\t\t<div class=\"elementor-widget-container\">\n\t\t\t\t\t\t\t\t\t<p data-start=\"1821\" data-end=\"2153\"><strong data-start=\"1824\" data-end=\"1915\">Un anniversaire plac\u00e9 sous le signe du patrimoine, de la passion et de la transmission.<\/strong><br data-start=\"1915\" data-end=\"1918\" \/>Venez (re)d\u00e9couvrir les <strong data-start=\"1942\" data-end=\"1960\">Puces du Canal<\/strong>, leur histoire, leurs marchands, et chiner dans une ambiance unique.<br data-start=\"2029\" data-end=\"2032\" \/>Un <strong data-start=\"2035\" data-end=\"2078\">\u00e9v\u00e9nement anniversaire \u00e0 ne pas manquer<\/strong> pour tous les amoureux de la <strong data-start=\"2108\" data-end=\"2120\">brocante<\/strong> et du <strong data-start=\"2127\" data-end=\"2151\">patrimoine populaire<\/strong> !<\/p><p data-start=\"2155\" data-end=\"2245\">\ud83d\udccd <strong data-start=\"2158\" data-end=\"2166\">Place<\/strong> : 5 rue Eug\u00e8ne Pottier, 69100 Villeurbanne<br data-start=\"2209\" data-end=\"2212\" \/>\ud83d\uddd3\ufe0f <strong data-start=\"2216\" data-end=\"2225\">Dates<\/strong> : 11 et 12 octobre 2025<\/p>\t\t\t\t\t\t\t\t<\/div>\n\t\t\t\t<\/div>\n\t\t\t\t<div class=\"elementor-element elementor-element-0865b83 elementor-widget elementor-widget-image\" data-id=\"0865b83\" data-element_type=\"widget\" data-e-type=\"widget\" data-widget_type=\"image.default\">\n\t\t\t\t<div class=\"elementor-widget-container\">\n\t\t\t\t\t\t\t\t\t\t\t\t\t\t\t<img decoding=\"async\" width=\"724\" height=\"1024\" src=\"https:\/\/www.pucesducanal.com\/wp-content\/uploads\/2025\/07\/Affiche-30-ans-3-724x1024.png\" class=\"attachment-large size-large wp-image-11092\" alt=\"\" srcset=\"https:\/\/www.pucesducanal.com\/wp-content\/uploads\/2025\/07\/Affiche-30-ans-3-724x1024.png 724w, https:\/\/www.pucesducanal.com\/wp-content\/uploads\/2025\/07\/Affiche-30-ans-3-212x300.png 212w, https:\/\/www.pucesducanal.com\/wp-content\/uploads\/2025\/07\/Affiche-30-ans-3-768x1086.png 768w, https:\/\/www.pucesducanal.com\/wp-content\/uploads\/2025\/07\/Affiche-30-ans-3-1086x1536.png 1086w, https:\/\/www.pucesducanal.com\/wp-content\/uploads\/2025\/07\/Affiche-30-ans-3-8x12.png 8w, https:\/\/www.pucesducanal.com\/wp-content\/uploads\/2025\/07\/Affiche-30-ans-3.png 1414w\" sizes=\"(max-width: 724px) 100vw, 724px\" \/>\t\t\t\t\t\t\t\t\t\t\t\t\t\t\t<\/div>\n\t\t\t\t<\/div>\n\t\t\t\t\t<\/div>\n\t\t\t\t<\/div>\n\t\t\t\t<\/div>","protected":false},"excerpt":{"rendered":"<p>Depuis 1995, les Puces du Canal, v\u00e9ritable r\u00e9f\u00e9rence en mati\u00e8re de brocante \u00e0 Lyon et en France, font vibrer les passionn\u00e9s d\u2019objets anciens, de vintage, de design et d\u2019histoires \u00e0 chiner. Trente ans plus tard, cette institution incontournable continue d\u2019attirer curieux du dimanche, collectionneurs, amateurs d\u2019art populaire et fans de d\u00e9co en qu\u00eate de tr\u00e9sors [&hellip;]<\/p>","protected":false},"author":2,"featured_media":10978,"comment_status":"open","ping_status":"open","sticky":false,"template":"","format":"standard","meta":{"_acf_changed":false,"_exactmetrics_skip_tracking":false,"_exactmetrics_sitenote_active":false,"_exactmetrics_sitenote_note":"","_exactmetrics_sitenote_category":0,"footnotes":""},"categories":[24],"tags":[],"class_list":["post-10976","post","type-post","status-publish","format-standard","has-post-thumbnail","hentry","category-passes"],"acf":[],"aioseo_notices":[],"_links":{"self":[{"href":"https:\/\/www.pucesducanal.com\/en\/wp-json\/wp\/v2\/posts\/10976","targetHints":{"allow":["GET"]}}],"collection":[{"href":"https:\/\/www.pucesducanal.com\/en\/wp-json\/wp\/v2\/posts"}],"about":[{"href":"https:\/\/www.pucesducanal.com\/en\/wp-json\/wp\/v2\/types\/post"}],"author":[{"embeddable":true,"href":"https:\/\/www.pucesducanal.com\/en\/wp-json\/wp\/v2\/users\/2"}],"replies":[{"embeddable":true,"href":"https:\/\/www.pucesducanal.com\/en\/wp-json\/wp\/v2\/comments?post=10976"}],"version-history":[{"count":19,"href":"https:\/\/www.pucesducanal.com\/en\/wp-json\/wp\/v2\/posts\/10976\/revisions"}],"predecessor-version":[{"id":11103,"href":"https:\/\/www.pucesducanal.com\/en\/wp-json\/wp\/v2\/posts\/10976\/revisions\/11103"}],"wp:featuredmedia":[{"embeddable":true,"href":"https:\/\/www.pucesducanal.com\/en\/wp-json\/wp\/v2\/media\/10978"}],"wp:attachment":[{"href":"https:\/\/www.pucesducanal.com\/en\/wp-json\/wp\/v2\/media?parent=10976"}],"wp:term":[{"taxonomy":"category","embeddable":true,"href":"https:\/\/www.pucesducanal.com\/en\/wp-json\/wp\/v2\/categories?post=10976"},{"taxonomy":"post_tag","embeddable":true,"href":"https:\/\/www.pucesducanal.com\/en\/wp-json\/wp\/v2\/tags?post=10976"}],"curies":[{"name":"wp","href":"https:\/\/api.w.org\/{rel}","templated":true}]}}