{"id":10971,"date":"2025-07-08T16:41:58","date_gmt":"2025-07-08T14:41:58","guid":{"rendered":"https:\/\/www.pucesducanal.com\/?p=10971"},"modified":"2025-10-13T18:17:50","modified_gmt":"2025-10-13T16:17:50","slug":"journees-europeennes-du-patrimoine-2025","status":"publish","type":"post","link":"https:\/\/www.pucesducanal.com\/en\/2025\/07\/08\/journees-europeennes-du-patrimoine-2025\/","title":{"rendered":"Journ\u00e9es Europ\u00e9ennes du Patrimoine 2025"},"content":{"rendered":"<div data-elementor-type=\"wp-post\" data-elementor-id=\"10971\" class=\"elementor elementor-10971\">\n\t\t\t\t<div class=\"elementor-element elementor-element-4bf9061 e-flex e-con-boxed e-con e-parent\" data-id=\"4bf9061\" data-element_type=\"container\" data-e-type=\"container\">\n\t\t\t\t\t<div class=\"e-con-inner\">\n\t\t\t\t<div class=\"elementor-element elementor-element-c5ef41f elementor-widget elementor-widget-heading\" data-id=\"c5ef41f\" data-element_type=\"widget\" data-e-type=\"widget\" data-widget_type=\"heading.default\">\n\t\t\t\t<div class=\"elementor-widget-container\">\n\t\t\t\t\t<h2 class=\"elementor-heading-title elementor-size-default\">D\u00e9couvrez les Puces du Canal autrement \u2013 20 &amp; 21 septembre<\/h2>\t\t\t\t<\/div>\n\t\t\t\t<\/div>\n\t\t\t\t<div class=\"elementor-element elementor-element-b3c5c82 elementor-widget elementor-widget-text-editor\" data-id=\"b3c5c82\" data-element_type=\"widget\" data-e-type=\"widget\" data-widget_type=\"text-editor.default\">\n\t\t\t\t<div class=\"elementor-widget-container\">\n\t\t\t\t\t\t\t\t\t<p data-start=\"337\" data-end=\"568\">\u00c0 l\u2019occasion des <strong data-start=\"354\" data-end=\"397\">Journ\u00e9es Europ\u00e9ennes du Patrimoine 2025<\/strong>, venez vivre une exp\u00e9rience in\u00e9dite au c\u0153ur des <strong data-start=\"446\" data-end=\"464\">Puces du Canal<\/strong>, lieu embl\u00e9matique de la <strong data-start=\"490\" data-end=\"502\">brocante<\/strong> et du <strong data-start=\"509\" data-end=\"530\">patrimoine vivant<\/strong> \u00e0 Villeurbanne, aux portes de Lyon.<\/p><p data-start=\"570\" data-end=\"736\">Le temps d\u2019un week-end, explorez autrement ce march\u00e9 unique, v\u00e9ritable institution lyonnaise, o\u00f9 l\u2019histoire et les objets d\u2019hier rencontrent la passion d\u2019aujourd\u2019hui.<\/p>\t\t\t\t\t\t\t\t<\/div>\n\t\t\t\t<\/div>\n\t\t\t\t<div class=\"elementor-element elementor-element-f9ed544 elementor-widget elementor-widget-heading\" data-id=\"f9ed544\" data-element_type=\"widget\" data-e-type=\"widget\" data-widget_type=\"heading.default\">\n\t\t\t\t<div class=\"elementor-widget-container\">\n\t\t\t\t\t<h2 class=\"elementor-heading-title elementor-size-default\">Programme du week-end (bient\u00f4t d\u00e9voil\u00e9) :<\/h2>\t\t\t\t<\/div>\n\t\t\t\t<\/div>\n\t\t\t\t<div class=\"elementor-element elementor-element-5b55ecc elementor-widget elementor-widget-text-editor\" data-id=\"5b55ecc\" data-element_type=\"widget\" data-e-type=\"widget\" data-widget_type=\"text-editor.default\">\n\t\t\t\t<div class=\"elementor-widget-container\">\n\t\t\t\t\t\t\t\t\t<ul><li data-start=\"787\" data-end=\"863\"><p data-start=\"789\" data-end=\"863\"><strong data-start=\"789\" data-end=\"808\">Visites guid\u00e9es<\/strong> pour d\u00e9couvrir les coulisses du march\u00e9 et son histoire<\/p><\/li><li data-start=\"864\" data-end=\"930\"><p data-start=\"866\" data-end=\"930\"><strong data-start=\"866\" data-end=\"880\">Exposition<\/strong> d\u00e9di\u00e9e au patrimoine des Puces et \u00e0 ses marchands<\/p><\/li><li data-start=\"931\" data-end=\"1002\"><p data-start=\"933\" data-end=\"1002\"><strong data-start=\"933\" data-end=\"949\">Jeu de piste<\/strong> pour les enfants,<\/p><\/li><\/ul>\t\t\t\t\t\t\t\t<\/div>\n\t\t\t\t<\/div>\n\t\t\t\t<div class=\"elementor-element elementor-element-c0db9fb elementor-widget elementor-widget-text-editor\" data-id=\"c0db9fb\" data-element_type=\"widget\" data-e-type=\"widget\" data-widget_type=\"text-editor.default\">\n\t\t\t\t<div class=\"elementor-widget-container\">\n\t\t\t\t\t\t\t\t\t<p data-start=\"1077\" data-end=\"1153\">\ud83d\udccd <strong data-start=\"1080\" data-end=\"1088\">Place<\/strong> : 5 rue Eug\u00e8ne Pottier, 69100 Villeurbanne<br data-start=\"1131\" data-end=\"1134\" \/>\ud83d\udcc5 <strong data-start=\"1137\" data-end=\"1149\">Horaires<\/strong> :<\/p><ul data-start=\"1154\" data-end=\"1205\"><li data-start=\"1154\" data-end=\"1178\"><p data-start=\"1156\" data-end=\"1178\">Samedi : de 7h \u00e0 13h<\/p><\/li><li data-start=\"1179\" data-end=\"1205\"><p data-start=\"1181\" data-end=\"1205\">Dimanche : de 7h \u00e0 15h<\/p><\/li><\/ul>\t\t\t\t\t\t\t\t<\/div>\n\t\t\t\t<\/div>\n\t\t\t\t<div class=\"elementor-element elementor-element-01f247d elementor-widget elementor-widget-heading\" data-id=\"01f247d\" data-element_type=\"widget\" data-e-type=\"widget\" data-widget_type=\"heading.default\">\n\t\t\t\t<div class=\"elementor-widget-container\">\n\t\t\t\t\t<h2 class=\"elementor-heading-title elementor-size-default\">Un rendez-vous entre brocante, culture et patrimoine<\/h2>\t\t\t\t<\/div>\n\t\t\t\t<\/div>\n\t\t\t\t<div class=\"elementor-element elementor-element-674ba56 elementor-widget elementor-widget-text-editor\" data-id=\"674ba56\" data-element_type=\"widget\" data-e-type=\"widget\" data-widget_type=\"text-editor.default\">\n\t\t\t\t<div class=\"elementor-widget-container\">\n\t\t\t\t\t\t\t\t\t<p data-start=\"1274\" data-end=\"1517\">Les <strong data-start=\"1278\" data-end=\"1296\">Puces du Canal<\/strong>, deuxi\u00e8me plus grand march\u00e9 aux puces de France, sont bien plus qu\u2019un lieu de chine : elles incarnent un <strong data-start=\"1402\" data-end=\"1435\">patrimoine culturel populaire<\/strong>, fait d\u2019objets anciens, d\u2019histoires de vie, et de passion pour la transmission.<\/p><p data-start=\"1519\" data-end=\"1678\">Durant ces deux jours, plongez dans l\u2019\u00e2me du site, rencontrez des marchands passionn\u00e9s, et red\u00e9couvrez la brocante comme un <strong data-start=\"1643\" data-end=\"1675\">v\u00e9ritable h\u00e9ritage collectif<\/strong>.<\/p>\t\t\t\t\t\t\t\t<\/div>\n\t\t\t\t<\/div>\n\t\t\t\t<div class=\"elementor-element elementor-element-b16cac6 elementor-widget elementor-widget-spacer\" data-id=\"b16cac6\" data-element_type=\"widget\" data-e-type=\"widget\" data-widget_type=\"spacer.default\">\n\t\t\t\t<div class=\"elementor-widget-container\">\n\t\t\t\t\t\t\t<div class=\"elementor-spacer\">\n\t\t\t<div class=\"elementor-spacer-inner\"><\/div>\n\t\t<\/div>\n\t\t\t\t\t\t<\/div>\n\t\t\t\t<\/div>\n\t\t\t\t<div class=\"elementor-element elementor-element-1270738 elementor-widget elementor-widget-text-editor\" data-id=\"1270738\" data-element_type=\"widget\" data-e-type=\"widget\" data-widget_type=\"text-editor.default\">\n\t\t\t\t<div class=\"elementor-widget-container\">\n\t\t\t\t\t\t\t\t\t<p><strong data-start=\"1685\" data-end=\"1725\">Entr\u00e9e libre et animations gratuites<\/strong><br data-start=\"1725\" data-end=\"1728\" \/>Restez connect\u00e9s, le programme complet arrive tr\u00e8s bient\u00f4t !<\/p>\t\t\t\t\t\t\t\t<\/div>\n\t\t\t\t<\/div>\n\t\t\t\t\t<\/div>\n\t\t\t\t<\/div>\n\t\t\t\t<\/div>","protected":false},"excerpt":{"rendered":"<p>D\u00e9couvrez les Puces du Canal autrement \u2013 20 &#038; 21 septembre \u00c0 l\u2019occasion des Journ\u00e9es Europ\u00e9ennes du Patrimoine 2025, venez vivre une exp\u00e9rience in\u00e9dite au c\u0153ur des Puces du Canal, lieu embl\u00e9matique de la brocante et du patrimoine vivant \u00e0 Villeurbanne, aux portes de Lyon. Le temps d\u2019un week-end, explorez autrement ce march\u00e9 unique, v\u00e9ritable [&hellip;]<\/p>","protected":false},"author":2,"featured_media":9800,"comment_status":"open","ping_status":"open","sticky":false,"template":"","format":"standard","meta":{"_acf_changed":false,"_exactmetrics_skip_tracking":false,"_exactmetrics_sitenote_active":false,"_exactmetrics_sitenote_note":"","_exactmetrics_sitenote_category":0,"footnotes":""},"categories":[24],"tags":[],"class_list":["post-10971","post","type-post","status-publish","format-standard","has-post-thumbnail","hentry","category-passes"],"acf":[],"aioseo_notices":[],"_links":{"self":[{"href":"https:\/\/www.pucesducanal.com\/en\/wp-json\/wp\/v2\/posts\/10971","targetHints":{"allow":["GET"]}}],"collection":[{"href":"https:\/\/www.pucesducanal.com\/en\/wp-json\/wp\/v2\/posts"}],"about":[{"href":"https:\/\/www.pucesducanal.com\/en\/wp-json\/wp\/v2\/types\/post"}],"author":[{"embeddable":true,"href":"https:\/\/www.pucesducanal.com\/en\/wp-json\/wp\/v2\/users\/2"}],"replies":[{"embeddable":true,"href":"https:\/\/www.pucesducanal.com\/en\/wp-json\/wp\/v2\/comments?post=10971"}],"version-history":[{"count":4,"href":"https:\/\/www.pucesducanal.com\/en\/wp-json\/wp\/v2\/posts\/10971\/revisions"}],"predecessor-version":[{"id":10975,"href":"https:\/\/www.pucesducanal.com\/en\/wp-json\/wp\/v2\/posts\/10971\/revisions\/10975"}],"wp:featuredmedia":[{"embeddable":true,"href":"https:\/\/www.pucesducanal.com\/en\/wp-json\/wp\/v2\/media\/9800"}],"wp:attachment":[{"href":"https:\/\/www.pucesducanal.com\/en\/wp-json\/wp\/v2\/media?parent=10971"}],"wp:term":[{"taxonomy":"category","embeddable":true,"href":"https:\/\/www.pucesducanal.com\/en\/wp-json\/wp\/v2\/categories?post=10971"},{"taxonomy":"post_tag","embeddable":true,"href":"https:\/\/www.pucesducanal.com\/en\/wp-json\/wp\/v2\/tags?post=10971"}],"curies":[{"name":"wp","href":"https:\/\/api.w.org\/{rel}","templated":true}]}}